{"id":8888,"date":"2020-08-27T18:09:05","date_gmt":"2020-08-27T18:09:05","guid":{"rendered":"http:\/\/www.proyectoallen.com.ar\/3\/?p=8888"},"modified":"2020-08-27T22:00:21","modified_gmt":"2020-08-27T22:00:21","slug":"el-dr-kantor","status":"publish","type":"post","link":"https:\/\/www.proyectoallen.com.ar\/3\/?p=8888","title":{"rendered":"El Dr. Kantor"},"content":{"rendered":"<p><em>Entrevista a Isidoro Kantor de 2008 para el Libro del Centenario: Allen 1910 &#8211; 2010.<\/em><br \/>\n<!--more--><\/p>\n<p style=\"text-align: justify;\"><a href=\"http:\/\/www.proyectoallen.com.ar\/3\/wp-content\/uploads\/2017\/12\/kantor.jpg\"><img loading=\"lazy\" decoding=\"async\" class=\"aligncenter size-full wp-image-8892\" src=\"http:\/\/www.proyectoallen.com.ar\/3\/wp-content\/uploads\/2017\/12\/kantor.jpg\" alt=\"kantor\" width=\"764\" height=\"742\" srcset=\"https:\/\/www.proyectoallen.com.ar\/3\/wp-content\/uploads\/2017\/12\/kantor.jpg 764w, https:\/\/www.proyectoallen.com.ar\/3\/wp-content\/uploads\/2017\/12\/kantor-300x291.jpg 300w, https:\/\/www.proyectoallen.com.ar\/3\/wp-content\/uploads\/2017\/12\/kantor-250x243.jpg 250w\" sizes=\"auto, (max-width: 764px) 100vw, 764px\" \/><\/a><\/p>\n<p style=\"text-align: justify;\">El Dr. Isidoro Kantor naci\u00f3 en 1935, su pap\u00e1 Isa\u00edas trabajaba en una f\u00e1brica, al igual que su mam\u00e1, Luisa, quien se emple\u00f3 por un tiempo en la industria de tapados de piel. Tambi\u00e9n tiene un hermano, Roberto, que es 5 a\u00f1os menor que \u00e9l.<\/p>\n<p style=\"text-align: justify;\">\u201cYo soy porte\u00f1o, nacido en Bs. As.\u201d, explica el Dr., \u201cvine aqu\u00ed hace 42 a\u00f1os y a los 6 meses conoc\u00ed a Pupe y me enganch\u00e9. Ah\u00ed estamos, funcionando todav\u00eda. Hab\u00eda un periodista, un pelirrojo de un diario local que sac\u00f3 una nota en el diario que dice que \u2018quien prueba el agua del R\u00edo Negro no quiere probar otra agua, y no se va m\u00e1s\u2019. A m\u00ed me paso as\u00ed\u201d. Todav\u00eda recuerda la fecha exacta en que lleg\u00f3 a Allen, el 15 de abril de 1965, y atesora en su coraz\u00f3n la excelente bienvenida que le dieron. Julio Llerno, un vecino de la ciudad due\u00f1o de la tienda \u201cLa Ideal\u201d, lo recibi\u00f3 en su casa sin conocerlo.<\/p>\n<p style=\"text-align: justify;\">\u201cAlgo para destacar, me abri\u00f3 la puerta de su casa sin conocerme\u201d, cuenta Kantor, \u201cYo le dije \u2018se\u00f1or\u2026 usted a m\u00ed no me conoce\u2026\u2019, \u2018Nooo\u2019, me dijo \u00e9l, \u2018Yo ya lo conozco. Porque si usted dej\u00f3 a su familia, a sus amigos y vino a trabajar, usted es una persona honrada, decente. Venga, deje el Hotel en Roca y venga a mi casa\u2019. Cosa que me sorprendi\u00f3 y me dej\u00f3 mudo. Me ayud\u00f3 a alquilar una casa, al lado de la despensa de \u00c1lvarez, en la calle Don Bosco, ya no existe\u201d. Y no fue s\u00f3lo \u00e9l: \u201cla se\u00f1ora de Reynes, Kela Da Prato, la se\u00f1ora de \u00c1lvarez, de la despensa\u2026 todas fueron mis mam\u00e1s postizas, porque como yo estaba solo\u2026 ven\u00edan todas las noches y me tra\u00edan la comida caliente que ellas hac\u00edan. Rima de Manzur, la administradora en el hospital, Armando Resa, do\u00f1a Resa, la partera, todos fueron padres postizos m\u00edos\u201d.<\/p>\n<p style=\"text-align: justify;\"><a href=\"http:\/\/www.proyectoallen.com.ar\/3\/wp-content\/uploads\/2017\/12\/IMGP1123-Medium.jpg\"><img loading=\"lazy\" decoding=\"async\" class=\"aligncenter size-full wp-image-8893\" src=\"http:\/\/www.proyectoallen.com.ar\/3\/wp-content\/uploads\/2017\/12\/IMGP1123-Medium.jpg\" alt=\"IMGP1123 (Medium)\" width=\"800\" height=\"600\" srcset=\"https:\/\/www.proyectoallen.com.ar\/3\/wp-content\/uploads\/2017\/12\/IMGP1123-Medium.jpg 800w, https:\/\/www.proyectoallen.com.ar\/3\/wp-content\/uploads\/2017\/12\/IMGP1123-Medium-300x225.jpg 300w, https:\/\/www.proyectoallen.com.ar\/3\/wp-content\/uploads\/2017\/12\/IMGP1123-Medium-250x188.jpg 250w\" sizes=\"auto, (max-width: 800px) 100vw, 800px\" \/><\/a><\/p>\n<p style=\"text-align: center;\"><strong>Mural de la \u00abGaler\u00eda a Cielo Abierto\u00bb: proyecto de Chelo Candia y Proyecto Allen (asesoramiento hist\u00f3rico). Artistas: Chelo Candia y Mar\u00eda Langa. Asistente: Leo Stickel<\/strong><\/p>\n<p style=\"text-align: justify;\">Hasta en el banco le abrieron las puertas a Kantor en Allen. \u201cRecuerdo que cuando yo llegu\u00e9\u201d, dice, \u201cno tenia nada ni a nadie. Entonces quise abrir una cuenta porque ten\u00eda que pedir un cr\u00e9dito para comprar un autito y hacerme la casita\u201d. Para eso necesitaba documentos de terceros, pero en seguida pens\u00f3 \u201c\u00bfqui\u00e9n me va a firmar?\u201d. \u201cFui al Banco Italia. Estaba Vega, Tenca, Jara Godoy que me dicen \u2018Precisamos 2 clientes del banco\u2019\u201d, cuenta Isidoro, \u201cVino entonces Gregorio D\u00edaz, dentista, otra persona y me firmaron&#8230; y as\u00ed me abrieron una cuenta corriente. Pero yo quer\u00eda un pr\u00e9stamo. As\u00ed que, este otro se\u00f1or, que apenas conoc\u00eda, Julio Sherman \u00a1\u00a1me firm\u00f3 un documento en blanco!!\u201d, exclama sorprendido a\u00fan hoy por la generosidad de las personas que lo ayudaron tanto sin conocerlo.<\/p>\n<p style=\"text-align: justify;\"><a href=\"http:\/\/www.proyectoallen.com.ar\/3\/wp-content\/uploads\/2017\/12\/MM-3-Kantor-Gurtubay1.jpg\"><img loading=\"lazy\" decoding=\"async\" class=\"aligncenter size-large wp-image-8896\" src=\"http:\/\/www.proyectoallen.com.ar\/3\/wp-content\/uploads\/2017\/12\/MM-3-Kantor-Gurtubay1-1024x637.jpg\" alt=\"MM 3 Kantor-Gurtubay1\" width=\"720\" height=\"448\" srcset=\"https:\/\/www.proyectoallen.com.ar\/3\/wp-content\/uploads\/2017\/12\/MM-3-Kantor-Gurtubay1-1024x637.jpg 1024w, https:\/\/www.proyectoallen.com.ar\/3\/wp-content\/uploads\/2017\/12\/MM-3-Kantor-Gurtubay1-300x187.jpg 300w, https:\/\/www.proyectoallen.com.ar\/3\/wp-content\/uploads\/2017\/12\/MM-3-Kantor-Gurtubay1-250x156.jpg 250w, https:\/\/www.proyectoallen.com.ar\/3\/wp-content\/uploads\/2017\/12\/MM-3-Kantor-Gurtubay1.jpg 1308w\" sizes=\"auto, (max-width: 720px) 100vw, 720px\" \/><\/a><\/p>\n<p style=\"text-align: center;\"><strong>Despedida de soltero a Kantor (Foto: Gurtubay)<\/strong><\/p>\n<p style=\"text-align: justify;\">Es que el Isidoro necesitaba ayuda pues alejarse de todo nunca es f\u00e1cil. \u201cLlor\u00e9 muchas noches cuando llegu\u00e9\u201d, relata, \u201cven\u00eda de Bs. As. donde ten\u00eda una vida social sumamente intensa, al venir aqu\u00ed estaba solo y en cancha ajena. Ten\u00eda que remar y hacerme un espacio. Tuve buena acogida, los pacientes conmigo se portaron de 10\u201d. Recordar esto lo lleva a reflexionar sobre su presente, porque a\u00fan sigue trabajando mucho y dice que est\u00e1 analizando si dejar o no: \u201cpor un lado deber\u00eda dejar, voy a cumplir 72 a\u00f1os. Uno tiene que ser inteligente y comprender que hay una etapa que uno debe hacer un paso al costado. Pero los pacientes me dicen \u2018Isidoro\u2026 no se te ocurra irte\u2026 anda a ver a tus hijos, a tus nietos\u2026 no hay drama que te vayas todos los meses a Bs As\u2026 pero no se te ocurra irte de Allen\u2019\u201d.<\/p>\n<p style=\"text-align: justify;\">Cuando Kantor nombra a \u201cPupe\u201d habla de Matilde, su esposa. La conoci\u00f3 en la casa de una familia amiga, mientras tomaban caf\u00e9 y com\u00edan casta\u00f1as. Aquel d\u00eda se pelearon, \u201cporque yo era un porte\u00f1o engrupido\u201d dice \u00e9l. Pero se gustaron, as\u00ed que se volvieron a encontrar. Tuvieron un noviazgo corto, se casaron y tuvieron 3 hijos, \u201cuno por a\u00f1o\u201d, dice \u00e9l, se llaman Carlos, Gustavo y Eduardo. \u201cLos tres est\u00e1n casados y viven en Buenos Aires. Despu\u00e9s ya compramos un televisor, porque sino todos los a\u00f1os iba venir uno\u201d acota riendo. \u00c9l mismo atendi\u00f3 el parto de sus tres varones.<\/p>\n<p style=\"text-align: justify;\"><a href=\"http:\/\/www.proyectoallen.com.ar\/3\/wp-content\/uploads\/2017\/12\/kantor-11.jpg\"><img loading=\"lazy\" decoding=\"async\" class=\"aligncenter size-full wp-image-8891\" src=\"http:\/\/www.proyectoallen.com.ar\/3\/wp-content\/uploads\/2017\/12\/kantor-11.jpg\" alt=\"kantor 1\" width=\"417\" height=\"541\" srcset=\"https:\/\/www.proyectoallen.com.ar\/3\/wp-content\/uploads\/2017\/12\/kantor-11.jpg 417w, https:\/\/www.proyectoallen.com.ar\/3\/wp-content\/uploads\/2017\/12\/kantor-11-231x300.jpg 231w, https:\/\/www.proyectoallen.com.ar\/3\/wp-content\/uploads\/2017\/12\/kantor-11-250x324.jpg 250w\" sizes=\"auto, (max-width: 417px) 100vw, 417px\" \/><\/a><\/p>\n<p style=\"text-align: justify;\">\u201cYo creo haber sido un atorrante en mi \u00e9poca de juventud, con sinceridad\u201d dice honestamente Isidoro, \u201cPero un atorrante bueno. Tuve varias novias como todo muchacho, fui travieso como todo muchacho. Pero vos un d\u00eda conoces a alguien, en el caso del hombre vos dec\u00eds: esta es la mujer con la que yo quiero vivir. No es hacer la experiencia en el casamiento, la experiencia se hace antes. Viv\u00ed bien, viv\u00ed intensamente antes, despu\u00e9s que te casas y fundas una familia, bueno, hacela a full, dedicate a pleno, generala con verdadero amor, con ah\u00ednco, con transparencia y con honestidad. Por lo menos, esas son mis pautas\u201d.<\/p>\n<p style=\"text-align: justify;\">Volviendo a su trabajo, el Dr. Kantor hace cl\u00ednica m\u00e9dica y pedi\u00e1trica. \u201cHe atendido cantidades de partos\u201d, cuenta, \u201cDespu\u00e9s me nombraron jefe de Pediatr\u00eda en el Hospital con Pancha Baza\u00fal, con quien trabaj\u00e9 22 a\u00f1os, ella era la Caba y a las 6:30 de la ma\u00f1ana ya estaba en el Hospital pasando el lampazo. Llegamos a tener ma\u00f1anas donde atend\u00edamos a 50 o 60 pibes pero era casi una rutina. Hubo una ma\u00f1ana en que tuvimos que atender 73 pibes, casi un record. Hab\u00eda una monja en el hospital llamada Alicia que me ayudaba a desvestir los chicos, yo los atend\u00eda, los medicaba y Amanda los vest\u00eda\u201d. \u201c\u00a1Era una sobrecarga terrible!\u201d, exclama Isidoro, \u201cdespu\u00e9s ten\u00eda que venir a atender a mi casa\u2026 Era un trabajo terrible. Hoy igual sigo atendiendo entre 30 y 40 pacientes diarios\u2026 pero bueno, yo soy feliz con mi trabajo\u201d.<\/p>\n<p style=\"text-align: justify;\">Kantor explica que en aquel momento era todo m\u00e1s dif\u00edcil por la falta de comunicaci\u00f3n y de insumos. \u201cIncluso me he peleado con los Ministros\u201d, cuenta haciendo referencia a una vez que uno le pregunt\u00f3 qu\u00e9 se necesitaba. \u201cGu\u00eda, suero y antibi\u00f3ticos\u201d, fue la respuesta. \u201cAh, en Viedma tenemos mucho\u201d, dijo el Ministro y Kantor en seguida le contest\u00f3: \u201cNo me importa lo que tenga en Viedma, yo lo quiero en Allen. Yo lo quiero en Allen \u00bfUd. Me entendi\u00f3?, porque parec\u00eda que me estaba tomando el pelo. \u2018Qu\u00e9dese tranquilo\u2019 me dijo\u2026 nunca me mand\u00f3 nada, me minti\u00f3 como mienten siempre\u201d, concluye amargamen<a href=\"http:\/\/www.proyectoallen.com.ar\/3\/wp-content\/uploads\/2017\/12\/MM-3-Kantor-Gurtubay.jpg\"><br \/>\n<\/a><a href=\"http:\/\/www.proyectoallen.com.ar\/3\/wp-content\/uploads\/2017\/12\/Pediatria.jpg\"><img loading=\"lazy\" decoding=\"async\" class=\"aligncenter size-large wp-image-8898\" src=\"http:\/\/www.proyectoallen.com.ar\/3\/wp-content\/uploads\/2017\/12\/Pediatria-1024x793.jpg\" alt=\"Pediatria\" width=\"720\" height=\"558\" srcset=\"https:\/\/www.proyectoallen.com.ar\/3\/wp-content\/uploads\/2017\/12\/Pediatria-1024x793.jpg 1024w, https:\/\/www.proyectoallen.com.ar\/3\/wp-content\/uploads\/2017\/12\/Pediatria-300x232.jpg 300w, https:\/\/www.proyectoallen.com.ar\/3\/wp-content\/uploads\/2017\/12\/Pediatria-250x193.jpg 250w, https:\/\/www.proyectoallen.com.ar\/3\/wp-content\/uploads\/2017\/12\/Pediatria.jpg 1566w\" sizes=\"auto, (max-width: 720px) 100vw, 720px\" \/><\/a><\/p>\n<p style=\"text-align: center;\"><strong>Esta foto fue la base para el mural realizado. Foto: Libro Hist\u00f3rico Escuela 222<\/strong><\/p>\n<p style=\"text-align: justify;\">Un tema de contin\u00faa preocupaci\u00f3n en sus primeros a\u00f1os como m\u00e9dico en Allen eran la cantidad de creencias y medicinas caseras o tradicionales, contra las que hab\u00eda que luchar. \u201cJunt\u00e1bamos a las mam\u00e1s y les d\u00e1bamos charlas para que no le dieran yuyos para la diarrea a los bebes. Porque ven\u00eda do\u00f1a Pepa o do\u00f1a fulana y les daba el yuyito este o el yuyito aquel y el ni\u00f1o, m\u00e1s diarrea\u2026 o sino, ten\u00eda fiebre y lo abrigaban m\u00e1s, cuando es a la inversa. El ni\u00f1o ven\u00eda con 40 de temperatura y con 4 frazadas encima. Te llegaba un chico deshidratado, piel y huesos. Pero bueno, hab\u00eda mucho empuje, mucha juventud y muchas ganas de trabajar. Un problema era que ten\u00eda que trabajar solo. Me ayudaban s\u00f3lo las enfermeras pues los m\u00e9dicos \u00e9ramos poquitos. Hoy hay 40 m\u00e9dicos, pero en esa \u00e9poca si habr\u00eda 10 era mucho\u201d, compara Isidoro. Lo ayudaba Rodolfo Suero y recuerda que una noche atendiendo a un paciente se quedaron sin sangre a las 3 de la madrugada. Suero pregunt\u00f3 \u201c\u00bfqu\u00e9 tipo de sangre tiene el chico?\u201d y luego de comprobar que era el mismo que el suyo, don\u00f3 la sangre que se necesitaba.<\/p>\n<p style=\"text-align: justify;\">Tambi\u00e9n \u201cestaban el Dr. Eidilsten, el Dr. Garc\u00eda Bonino, excelentes profesionales que siempre estaban cerca si necesitaba algo. Que a su vez me consultaban a m\u00ed, porque como era joven siempre tra\u00eda algunas cosas nuevas, adelantos de ese momento\u201d. El Dr. Kantor recuerda con mucho afecto a todos aquellos con quienes trabaj\u00f3.<\/p>\n<p style=\"text-align: justify;\">\u201cAllen fue muy solidario conmigo\u201d, dice con cari\u00f1o, \u201ca\u00fan cuando hubo la invasi\u00f3n de los m\u00e9dicos full time durante el gobierno de Franco, pude trabajar con normalidad\u201d. En ese momento, \u201cnombraron pol\u00edticamente Jefe de Pediatr\u00eda al Dr. Carbonell\u201d, contin\u00faa, \u201cY \u00e9l, en una demostraci\u00f3n de grandeza y honor, me dice \u2018Isidoro, si bien me nombraron a m\u00ed jefe, vos segu\u00eds siendo el Jefe de Pediatr\u00eda, as\u00ed que vos segu\u00ed tu ritmo.\u201d<\/p>\n<p style=\"text-align: justify;\">Recordando aquellos tiempos, Isidoro se\u00f1ala: \u201cmi casa era un lugar donde todos los ni\u00f1os de la cuadra ven\u00edan a tomar la merienda. Se juntaban 10 o 15 pibes. Era la \u00e9poca en la que la casa era de puertas abiertas. El garage estaba abierto siempre\u201d. \u201cSomos una familia tranquila\u201d dice y cuenta que cuando se estresa escucha tango o la radio, toma mate o lee. Pero lo que m\u00e1s tranquilidad le da son sus plantas: \u201cson mi cable a tierra. Estuve unos doce a\u00f1os como chacarero y amaba la chacra porque vengo de padres agricultores y amo las plantas\u201d.<\/p>\n<p style=\"text-align: justify;\">\u201cAllen te permite vivir bien, si haces el trabajo con dignidad\u201d, dice Kantor, \u201cAllen me dio mi fuente laboral, me permiti\u00f3 darle educaci\u00f3n a mis hijos, mantener a mi madre desde que muri\u00f3 mi pap\u00e1 hace m\u00e1s de 30 a\u00f1os, pudimos vivir nosotros con respeto y dignidad\u201d. \u201cYo voy por la calle caminando y me encuentro con gente que me para y me saluda. Estimo que he atendido a medio Allen\u201d, se\u00f1ala con mucho afecto por esta ciudad a la que lleg\u00f3 solo, pero que hoy lo rodea de amigos, conocidos, pacientes y de una combinaci\u00f3n de los tres. \u201cY vos sabes que hubo pacientes que esperaron 15 d\u00edas hasta que volviese a atender para traerme los an\u00e1lisis que les hab\u00eda pedido. Eso me llena de una cosa dulce\u201d, agrega con una sonrisa.<\/p>\n<p style=\"text-align: justify;\">Sobre su profesi\u00f3n dice que para poder trabajar bien hay que saber de todo, por eso estudi\u00f3 medicina alternativa: la tradicional china (tiene tres diplomas de acupuntura), la Alop\u00e1tica, la Homeop\u00e1tica. \u201cHay muchas medicinas alternativas buenas. Pero hay que usarlas con honestidad, transparencia y respeto por el paciente. El paciente es m\u00e1s que una orden de consulta. Es un ser humano\u201d, afirma sabiamente el Dr. Kantor. \u201cNo te quepa duda que la mitad de los pacientes son psicosom\u00e1ticos porque el stress de la vida cotidiana te acompa\u00f1a como la sombra a tu cuerpo. Vos te levantas a la ma\u00f1ana y te preguntas cu\u00e1l va a ser el problema de hoy\u201d agrega y cuenta que ha tenido casos de ni\u00f1os que presentan s\u00edntomas por el stress.<\/p>\n<p style=\"text-align: justify;\">\u201cPero bueno, es la sociedad que tenemos\u201d, dice Kantor con un poco de resignaci\u00f3n, \u201cQue sea competitiva no me importa. Lo que me duele es que se autodestruya con paco y tantas dem\u00e1s drogas nocivas. Y no se hace nada, seamos honestos\u201d. \u201cTodos queremos un mundo mejor, pero yo se que no va a ser mejor, el mundo que les espera a mis hijos y a mis nietos es complicado. Nosotros tuvimos un mundo complejo, pero estimo que el mundo que vive hoy la juventud es mucho mas complejo\u201d, reflexiona el Dr. Pero \u00e9l contin\u00faa trabajando en su consultorio, haciendo todo lo que puede para ayudar, especialmente a los m\u00e1s j\u00f3venes y siempre tiene una sonrisa, una palabra amable o un gajito de alguna plantita para compartir con quien est\u00e9 abierto a recibirlas.<\/p>\n<p style=\"text-align: center;\"><strong>Libro del Centenario: Allen 1910 &#8211; 2010<\/strong><\/p>\n<p style=\"text-align: justify;\"><a href=\"http:\/\/www.proyectoallen.com.ar\/3\/wp-content\/uploads\/2017\/12\/kantor-1.jpg\"><img loading=\"lazy\" decoding=\"async\" class=\"aligncenter size-large wp-image-8889\" src=\"http:\/\/www.proyectoallen.com.ar\/3\/wp-content\/uploads\/2017\/12\/kantor-1-1024x726.jpg\" alt=\"kantor 1\" width=\"720\" height=\"510\" srcset=\"https:\/\/www.proyectoallen.com.ar\/3\/wp-content\/uploads\/2017\/12\/kantor-1-1024x726.jpg 1024w, https:\/\/www.proyectoallen.com.ar\/3\/wp-content\/uploads\/2017\/12\/kantor-1-300x213.jpg 300w, https:\/\/www.proyectoallen.com.ar\/3\/wp-content\/uploads\/2017\/12\/kantor-1-250x177.jpg 250w, https:\/\/www.proyectoallen.com.ar\/3\/wp-content\/uploads\/2017\/12\/kantor-1.jpg 1524w\" sizes=\"auto, (max-width: 720px) 100vw, 720px\" \/><\/a><\/p>\n<p style=\"text-align: justify;\"><a href=\"http:\/\/www.proyectoallen.com.ar\/3\/wp-content\/uploads\/2017\/12\/kantor-2.jpg\"><img loading=\"lazy\" decoding=\"async\" class=\"aligncenter size-large wp-image-8890\" src=\"http:\/\/www.proyectoallen.com.ar\/3\/wp-content\/uploads\/2017\/12\/kantor-2-1024x725.jpg\" alt=\"kantor 2\" width=\"720\" height=\"510\" srcset=\"https:\/\/www.proyectoallen.com.ar\/3\/wp-content\/uploads\/2017\/12\/kantor-2-1024x725.jpg 1024w, https:\/\/www.proyectoallen.com.ar\/3\/wp-content\/uploads\/2017\/12\/kantor-2-300x212.jpg 300w, https:\/\/www.proyectoallen.com.ar\/3\/wp-content\/uploads\/2017\/12\/kantor-2-250x177.jpg 250w, https:\/\/www.proyectoallen.com.ar\/3\/wp-content\/uploads\/2017\/12\/kantor-2.jpg 1526w\" sizes=\"auto, (max-width: 720px) 100vw, 720px\" \/><\/a><\/p>\n<p style=\"text-align: justify;\">.<\/p>\n<h3 style=\"text-align: justify;\"><strong>Algo m\u00e1s:<\/strong><\/h3>\n<p style=\"text-align: justify;\"><a href=\"http:\/\/www.rionegro.com.ar\/sociedad\/isidoro-kantor-el-doctor-del-pueblo-le-dijo-adios-a-la-medicina-en-allen-YM4097001\">Isidoro Kantor: el \u201cdoctor del pueblo\u201d le dijo adi\u00f3s a la medicina en Allen<\/a><\/p>\n","protected":false},"excerpt":{"rendered":"<p>Entrevista a Isidoro Kantor de 2008 para el Libro del Centenario: Allen 1910 &#8211; 2010.<\/p>\n","protected":false},"author":2,"featured_media":8898,"comment_status":"open","ping_status":"closed","sticky":false,"template":"","format":"standard","meta":{"ngg_post_thumbnail":0,"footnotes":""},"categories":[9,22],"tags":[],"class_list":["post-8888","post","type-post","status-publish","format-standard","has-post-thumbnail","hentry","category-historias_de_vida","category-novedades"],"jetpack_featured_media_url":"https:\/\/www.proyectoallen.com.ar\/3\/wp-content\/uploads\/2017\/12\/Pediatria.jpg","_links":{"self":[{"href":"https:\/\/www.proyectoallen.com.ar\/3\/index.php?rest_route=\/wp\/v2\/posts\/8888","targetHints":{"allow":["GET"]}}],"collection":[{"href":"https:\/\/www.proyectoallen.com.ar\/3\/index.php?rest_route=\/wp\/v2\/posts"}],"about":[{"href":"https:\/\/www.proyectoallen.com.ar\/3\/index.php?rest_route=\/wp\/v2\/types\/post"}],"author":[{"embeddable":true,"href":"https:\/\/www.proyectoallen.com.ar\/3\/index.php?rest_route=\/wp\/v2\/users\/2"}],"replies":[{"embeddable":true,"href":"https:\/\/www.proyectoallen.com.ar\/3\/index.php?rest_route=%2Fwp%2Fv2%2Fcomments&post=8888"}],"version-history":[{"count":2,"href":"https:\/\/www.proyectoallen.com.ar\/3\/index.php?rest_route=\/wp\/v2\/posts\/8888\/revisions"}],"predecessor-version":[{"id":8900,"href":"https:\/\/www.proyectoallen.com.ar\/3\/index.php?rest_route=\/wp\/v2\/posts\/8888\/revisions\/8900"}],"wp:featuredmedia":[{"embeddable":true,"href":"https:\/\/www.proyectoallen.com.ar\/3\/index.php?rest_route=\/wp\/v2\/media\/8898"}],"wp:attachment":[{"href":"https:\/\/www.proyectoallen.com.ar\/3\/index.php?rest_route=%2Fwp%2Fv2%2Fmedia&parent=8888"}],"wp:term":[{"taxonomy":"category","embeddable":true,"href":"https:\/\/www.proyectoallen.com.ar\/3\/index.php?rest_route=%2Fwp%2Fv2%2Fcategories&post=8888"},{"taxonomy":"post_tag","embeddable":true,"href":"https:\/\/www.proyectoallen.com.ar\/3\/index.php?rest_route=%2Fwp%2Fv2%2Ftags&post=8888"}],"curies":[{"name":"wp","href":"https:\/\/api.w.org\/{rel}","templated":true}]}}