{"id":9250,"date":"2019-06-10T23:30:40","date_gmt":"2019-06-10T23:30:40","guid":{"rendered":"http:\/\/www.proyectoallen.com.ar\/3\/?p=9250"},"modified":"2019-06-10T23:30:40","modified_gmt":"2019-06-10T23:30:40","slug":"fantasmas-rusos-en-el-campamento-petrolero","status":"publish","type":"post","link":"https:\/\/www.proyectoallen.com.ar\/3\/?p=9250","title":{"rendered":"Fantasmas rusos en el campamento petrolero"},"content":{"rendered":"<p style=\"text-align: justify;\"><em>En 1919 una huelga en Plaza Huincul por jornada laboral de 8 horas, salario m\u00ednimo y paga en t\u00e9rmino culmin\u00f3 con la expulsi\u00f3n de su promotor, \u201cde nacionalidad rusa\u201d. En 1932 un \u201cindividuo de apariencia ruso\u201d presuntamente intent\u00f3 incendiar la destiler\u00eda \u201cde los Yacimientos Fiscales\u201d. El agitador ruso, el elemento perturbador que instalaba el conflicto; el agitador ruso, protagonista de la historia obrera neuquina.<\/em><\/p>\n<p style=\"text-align: justify;\"><strong>Por<\/strong> Hern\u00e1n Scandizzo<!--more--><\/p>\n<p style=\"text-align: justify;\">El triunfo de la Revoluci\u00f3n Rusa en 1917 llev\u00f3 hasta los confines de la Tierra el ruido de rotas cadenas, despertando las esperanzas del proletariado y azuzando los miedos de las clases dominantes a ser desplazadas. La burgues\u00eda advert\u00eda la sombra roja de Mosc\u00fa en cada demanda, los reclamos por mejores condiciones de trabajo eran asumidos como un cuestionamiento al orden social. Todo \u2018ruso\u2019 era, por a\u00f1adidura, agitador, y viceversa. El fantasma ruso aparec\u00eda en las luchas obreras que se extend\u00edan por el pa\u00eds de norte a sur: en las calles porte\u00f1as durante la Semana de Enero de 1919, entre los braceros en huelga en la pampa bonaerense, entre los peones rurales en Santa Cruz, en los quebrachales del norte santafesino. El espectro no dejaba rinc\u00f3n sin visitar, al punto que la convocatoria a una asamblea de trabajadores en Allen fue interpretada por las autoridades policiales como un llamado a conformar un soviet de obreros y campesinos para tomar el poder. Y tambi\u00e9n en Neuqu\u00e9n lo vieron.<\/p>\n<p style=\"text-align: justify;\">El historiador Enrique Mas\u00e9s, en el libro <em>El Mundo del Trabajo: Neuqu\u00e9n (1884-1930)<\/em>, menciona que en 1919 y 1921 se registraron huelgas de car\u00e1cter espont\u00e1neo en el yacimiento fiscal. Reclamaban jornada laboral de 8 horas, salario m\u00ednimo y paga en t\u00e9rmino, demandas similares por las que desde 1917 luchaban los trabajadores petroleros de Comodoro Rivadavia, y en torno a las cuales se hab\u00edan organizado y creado la Federaci\u00f3n Obrera Petrol\u00edfera. Mas\u00e9s subraya un dato, la primera huelga culmin\u00f3 con la expulsi\u00f3n de su promotor, \u201cde nacionalidad rusa\u201d.<\/p>\n<p style=\"text-align: justify;\">La figura del agitador ruso puede desplazar a un segundo plano las condiciones de trabajo como detonante del conflicto pero tambi\u00e9n abrir el interrogante en torno a qui\u00e9n era (en realidad qui\u00e9nes eran) ese presunto \u2018ruso\u2019 (un gentilicio comprend\u00eda a\u00a0 polacos, ucranianos y jud\u00edos, entre otros or\u00edgenes) supuesto promotor de la huelga.<\/p>\n<div id=\"attachment_9253\" style=\"width: 970px\" class=\"wp-caption aligncenter\"><a href=\"http:\/\/www.proyectoallen.com.ar\/3\/wp-content\/uploads\/2019\/06\/Operarios-y-jefe-posando-frente-a-torre-de-petr\u00f3leo.jpg\"><img loading=\"lazy\" decoding=\"async\" aria-describedby=\"caption-attachment-9253\" class=\"wp-image-9253 size-full\" src=\"http:\/\/www.proyectoallen.com.ar\/3\/wp-content\/uploads\/2019\/06\/Operarios-y-jefe-posando-frente-a-torre-de-petr\u00f3leo.jpg\" alt=\"\" width=\"960\" height=\"689\" srcset=\"https:\/\/www.proyectoallen.com.ar\/3\/wp-content\/uploads\/2019\/06\/Operarios-y-jefe-posando-frente-a-torre-de-petr\u00f3leo.jpg 960w, https:\/\/www.proyectoallen.com.ar\/3\/wp-content\/uploads\/2019\/06\/Operarios-y-jefe-posando-frente-a-torre-de-petr\u00f3leo-300x215.jpg 300w, https:\/\/www.proyectoallen.com.ar\/3\/wp-content\/uploads\/2019\/06\/Operarios-y-jefe-posando-frente-a-torre-de-petr\u00f3leo-768x551.jpg 768w, https:\/\/www.proyectoallen.com.ar\/3\/wp-content\/uploads\/2019\/06\/Operarios-y-jefe-posando-frente-a-torre-de-petr\u00f3leo-250x179.jpg 250w\" sizes=\"auto, (max-width: 960px) 100vw, 960px\" \/><\/a><p id=\"caption-attachment-9253\" class=\"wp-caption-text\">Operarios y jefe posando frente a torre de petr\u00f3leo<\/p><\/div>\n<p style=\"text-align: justify;\"><strong>De Challac\u00f3 a Ushuaia<\/strong><\/p>\n<p style=\"text-align: justify;\">A principios de la d\u00e9cada de 1920 en el territorio del Neuqu\u00e9n los niveles de organizaci\u00f3n obrera eran bajos, exist\u00edan expresiones de sindicatos de alcance nacional como el de los ferroviarios, aunque con poca vida (El Obrero Ferrroviario 16\/11\/1922) . En enero de 1919 fue fundado un Centro Obrero, a instancias de militantes socialistas y anarquistas (*)\u00a0 pero un a\u00f1o m\u00e1s tarde mut\u00f3 en Centro Socialista. En las localidades rionegrinas del valle, en tanto, el activismo era mayor, en torno a la Federaci\u00f3n Obrera Regional Argentina (FORA), de orientaci\u00f3n anarquista, se hab\u00edan organizado sindicatos de Oficios Varios en Cipolletti, Allen y Gral. Roca, en esta \u00faltima localidad, tambi\u00e9n la sociedad de obreros panaderos.<\/p>\n<p style=\"text-align: justify;\">Adem\u00e1s, muy cerca en el tiempo a las huelgas en los yacimientos fiscales, se registraron conflictos en la otra actividad de mayor concentraci\u00f3n de obreros de la regi\u00f3n, la construcci\u00f3n del dique Contraalmirante Cordero y la apertura de canales riego (1917 y 1920). El agitador ruso, m\u00e1s all\u00e1 de su instrumentalizaci\u00f3n como chivo expiatorio, no era una figura aislada sino que era emergente de un proceso de organizaci\u00f3n obrera incipiente.<\/p>\n<p style=\"text-align: justify;\">El 27 de mayo de 1922 el diario anarquista <em>La Protesta<\/em>, de Buenos Aires, public\u00f3 una lista de aportes procedente de estaci\u00f3n Challac\u00f3 en beneficio de los <em>\u00e1cratas rusos<\/em> Sim\u00f3n Radowitzky y Andr\u00e9s Babby, presos en la c\u00e1rcel de Ushuaia. Radowitzky hab\u00eda matado al Jefe de Polic\u00eda, coronel Ram\u00f3n L. Falc\u00f3n, en un atentado perpetrado en noviembre de 1909; fue la respuesta proletaria a la masacre de obreros del 1\u00ba de Mayo de ese a\u00f1o. Babby, en mayo de 1919, protagoniz\u00f3 un intento de <em>expropiaci\u00f3n<\/em> en el barrio porte\u00f1o de Chacarita que termin\u00f3 en un ba\u00f1o de sangre, su objetivo era obtener recursos para financiar una publicaci\u00f3n revolucionaria.<\/p>\n<p style=\"text-align: justify;\">Rabovich organiz\u00f3 la colecta en Challac\u00f3 y la remiti\u00f3 a la Federaci\u00f3n Obrera Rusa Sud Americana, en Buenos Aires. En esa federaci\u00f3n conflu\u00eda el grueso de las agrupaciones obreras rusas en Argentina, y all\u00ed el anarquismo ten\u00eda preponderancia sobre el resto de las corrientes socialistas. Once personas hab\u00edan hecho aportes a la colecta, en la publicaci\u00f3n porte\u00f1a aparecen sus nombres, algunas ten\u00edan apellidos \u2018rusos\u2019, como Nesteruk, Antoniuk y el propio Rabovich. No era un n\u00famero menor en el universo de trabajadores de la naciente comarca petrolera e incluso del territorio.<\/p>\n<p style=\"text-align: justify;\">La noticia de la colecta realizada en Challac\u00f3 podr\u00eda quedar como un hecho aislado, si no fuera que en agosto de ese mismo a\u00f1o la Federaci\u00f3n Obrera Provincial de Buenos Aires, junto con las sociedades obreras de valle, todas adheridas a la FORA, anunci\u00f3 que realizar\u00eda actos de propaganda tanto en las localidades rionegrinas como tambi\u00e9n en Senillosa y Challac\u00f3 (La Protesta, 12 de agosto de 1922). Los actos no se concretaron hasta mayo del a\u00f1o siguiente, y en el territorio se realiz\u00f3 solo uno, en la ciudad de Neuqu\u00e9n (La Protesta, 17 de mayo de 1923). Sin embargo, el intento fallido da la pauta de que hab\u00eda gente dispuesta a organizarlos.<\/p>\n<p style=\"text-align: justify;\">El 15 de junio de 1923 los <em>rusos de Challac\u00f3<\/em> regresaron a las p\u00e1ginas de <em>La Protesta<\/em>. El diario anarquista inform\u00f3 el resultado de una colecta organizada por la <em>Agrupaci\u00f3n Obrera Rusa \u2013 V\u00eda Neuqu\u00e9n<\/em> en beneficio del Kurt Wilckens, obrero alem\u00e1n que estaba en prisi\u00f3n por dar muerte al teniente coronel H\u00e9ctor Varela, militar que comand\u00f3 la masacre de peones rurales en huelga de Santa Cruz. Rabovich, Nesteruk y Antoniuk aparecen entre los aportantes, indicador de su permanencia en el territorio. De la agrupaci\u00f3n solo se conoce el nombre y que ese mismo a\u00f1o una similar estaba activa en Gral Roca (La Protesta 24\/04\/1923 y 01\/11\/1923) su existencia, pone en otro contexto la figura aislada del agitador ruso.<\/p>\n<p><a href=\"http:\/\/www.proyectoallen.com.ar\/3\/wp-content\/uploads\/2019\/06\/Challaco_station.jpg\"><img loading=\"lazy\" decoding=\"async\" class=\"aligncenter size-full wp-image-9254\" src=\"http:\/\/www.proyectoallen.com.ar\/3\/wp-content\/uploads\/2019\/06\/Challaco_station.jpg\" alt=\"\" width=\"786\" height=\"489\" srcset=\"https:\/\/www.proyectoallen.com.ar\/3\/wp-content\/uploads\/2019\/06\/Challaco_station.jpg 786w, https:\/\/www.proyectoallen.com.ar\/3\/wp-content\/uploads\/2019\/06\/Challaco_station-300x187.jpg 300w, https:\/\/www.proyectoallen.com.ar\/3\/wp-content\/uploads\/2019\/06\/Challaco_station-768x478.jpg 768w, https:\/\/www.proyectoallen.com.ar\/3\/wp-content\/uploads\/2019\/06\/Challaco_station-250x156.jpg 250w\" sizes=\"auto, (max-width: 786px) 100vw, 786px\" \/><\/a><\/p>\n<p style=\"text-align: justify;\"><strong>Fuegos del Este<\/strong><\/p>\n<p style=\"text-align: justify;\">En los a\u00f1os siguientes no se produjeron huelgas en los yacimientos fiscales, aunque s\u00ed las autoridades denunciaron sabotajes a la producci\u00f3n (+), una expresi\u00f3n del malestar obrero. El fantasma ruso permanec\u00eda agazapado. El 1 de mayo de 1927 el peri\u00f3dico anarquista <em>Brazo y Cerebro<\/em>, de Bah\u00eda Blanca, public\u00f3 la cr\u00f3nica de una recorrida por los territorios de R\u00edo Negro y Neuqu\u00e9n. Seg\u00fan el autor, en \u201clas minas de petr\u00f3leo de Plaza Huincul\u201d se trabajaba doce horas por d\u00eda en las perforaciones y nueve y media en las dem\u00e1s dependencias, sin descanso dominical. Adem\u00e1s destacaba: \u201cEl administrador de los establecimientos fiscales es all\u00ed un verdadero se\u00f1or feudal. En concomitancia con las autoridades hace desalojar del pueblo y zonas que lo rodean, en t\u00e9rmino de 24 horas a los &#8216;indeseables&#8217; ya sean manifiestos o sospechosos\u201d. En el mismo sentido el historiador policial Tom\u00e1s Heger Wagner afirma en <em>Guardianes del Orden<\/em>: \u201cYPF apelaba a cualquier recurso para aplastar la m\u00e1s m\u00ednima muestra de protesta, siendo la m\u00e1s frecuente la expulsi\u00f3n del o los perturbadores\u201d.<\/p>\n<p><a href=\"http:\/\/www.proyectoallen.com.ar\/3\/wp-content\/uploads\/2019\/06\/plaza-1919.jpg\"><img loading=\"lazy\" decoding=\"async\" class=\"aligncenter size-full wp-image-9257\" src=\"http:\/\/www.proyectoallen.com.ar\/3\/wp-content\/uploads\/2019\/06\/plaza-1919.jpg\" alt=\"\" width=\"612\" height=\"518\" srcset=\"https:\/\/www.proyectoallen.com.ar\/3\/wp-content\/uploads\/2019\/06\/plaza-1919.jpg 612w, https:\/\/www.proyectoallen.com.ar\/3\/wp-content\/uploads\/2019\/06\/plaza-1919-300x254.jpg 300w, https:\/\/www.proyectoallen.com.ar\/3\/wp-content\/uploads\/2019\/06\/plaza-1919-250x212.jpg 250w\" sizes=\"auto, (max-width: 612px) 100vw, 612px\" \/><\/a><\/p>\n<p style=\"text-align: justify;\">El \u00edmpetu cobrado por el movimiento obrero revolucionario en Argentina en los a\u00f1os siguientes a 1917 decay\u00f3 antes de la primera mitad de la d\u00e9cada del &#8217;20 y tuvo su correlato en la regi\u00f3n. El golpe de Estado de septiembre de 1930, encabezado por el Gral. Jos\u00e9 F. Uriburu, intensific\u00f3 la represi\u00f3n y desbarat\u00f3 la fr\u00e1gil organizaci\u00f3n obrera anarquista del norte de la Patagonia. Pero el fantasma permanec\u00eda agazapado.<\/p>\n<p style=\"text-align: justify;\">A lo largo de 1932 y 1933, se\u00f1ala Nicol\u00e1s Gadano en <em>Historia del petr\u00f3leo en Argentina<\/em>, la conducci\u00f3n de YPF envi\u00f3 notas al Gobierno Nacional denunciando actividades comunistas en sus campamentos, ped\u00eda mayor represi\u00f3n, principalmente en Comodoro Rivadavia. En 1932 la Uni\u00f3n General de Obreros Petroleros, orientada por el Partido Comunista, protagoniz\u00f3 una masiva huelga en los yacimientos chubutenses, que fue duramente reprimida. Las autoridades de la petrolera estatal decidieron profundizar su campa\u00f1a de <em>argentinizaci\u00f3n<\/em>, que desalentaba la contrataci\u00f3n de extranjeros por considerarlos sospechosos de propagar ideas revolucionarias y promocionaba el ingreso de obreros <em>criollos<\/em>, principalmente procedentes de Catamarca y La Rioja. Parad\u00f3jicamente el principal dirigente de la huelga hab\u00eda sido el <em>criollo<\/em> Rufino &#8216;el Negro&#8217; G\u00f3mez.<\/p>\n<p style=\"text-align: justify;\">En ese contexto, el 14 de mayo de 1932, un obrero polaco que hab\u00eda sido despedido atent\u00f3 contra el principal tanque de almacenamiento de petr\u00f3leo de la destiler\u00eda de en Plaza Huincul. Provoc\u00f3 una fuerte explosi\u00f3n y un incendio de gran magnitud. Seg\u00fan la versi\u00f3n oficial, se suicid\u00f3 al ser sorprendido. El hecho fue abordado por la direcci\u00f3n de YPF como un \u201cposible atentado comunista\u201d. D\u00edas antes se hab\u00edan registrado incendios menores y a causa de ello otro obrero polaco estaba detenido. El 28 de mayo el peri\u00f3dico anarquista <em>Ideas<\/em>, de La Plata, salud\u00f3 el atentado como una respuesta proletaria a la represi\u00f3n sufrida por los huelguistas comodorenses.<\/p>\n<div id=\"attachment_9255\" style=\"width: 556px\" class=\"wp-caption aligncenter\"><a href=\"http:\/\/www.proyectoallen.com.ar\/3\/wp-content\/uploads\/2019\/06\/pozo-1-challaco-1922.png\"><img loading=\"lazy\" decoding=\"async\" aria-describedby=\"caption-attachment-9255\" class=\"wp-image-9255 size-full\" src=\"http:\/\/www.proyectoallen.com.ar\/3\/wp-content\/uploads\/2019\/06\/pozo-1-challaco-1922.png\" alt=\"\" width=\"546\" height=\"338\" srcset=\"https:\/\/www.proyectoallen.com.ar\/3\/wp-content\/uploads\/2019\/06\/pozo-1-challaco-1922.png 546w, https:\/\/www.proyectoallen.com.ar\/3\/wp-content\/uploads\/2019\/06\/pozo-1-challaco-1922-300x186.png 300w, https:\/\/www.proyectoallen.com.ar\/3\/wp-content\/uploads\/2019\/06\/pozo-1-challaco-1922-250x155.png 250w\" sizes=\"auto, (max-width: 546px) 100vw, 546px\" \/><\/a><p id=\"caption-attachment-9255\" class=\"wp-caption-text\">Pozo Challac\u00f3<\/p><\/div>\n<p style=\"text-align: justify;\">Aunque el gobierno nacional intent\u00f3 quitarle connotaci\u00f3n pol\u00edtica a lo ocurrido y atribuir lo ocurrido a un obrero con <em>desequilibrios mentales,<\/em> se realizaron allanamientos en el campamento y fueron detenidos varios trabajadores polacos. Seg\u00fan relata Gadano, luego de esos hechos efectivos de la divisi\u00f3n Orden Social de la Polic\u00eda Federal se infiltraron entre el personal para investigar el origen de los atentados.<\/p>\n<p style=\"text-align: justify;\">El 29 de julio el secretario de la Gobernaci\u00f3n inform\u00f3 al ministro del Interior que esa madrugada un \u201cindividuo de apariencia ruso\u201d, presuntamente intent\u00f3 incendiar la destiler\u00eda de <em>los Yacimientos Fiscales<\/em>. \u201cSorprendido por el sereno cruz\u00e1ronse varios tiros de rev\u00f3lver resultando \u00e9ste herido y huyendo el incendiario. Inmediaciones del lugar encontr\u00e1ronse trozos de estopa empapados en nafta, material destinado a servir de mecha. Hasta el momento este presunto incendiario no ha sido capturado\u201d.<\/p>\n<p style=\"text-align: justify;\">Esa fue la \u00faltima aparici\u00f3n de la que se tiene registro. El fantasma ruso con los a\u00f1os dej\u00f3 su lugar a otros fantasmas, tambi\u00e9n utilizados como chivos expiatorios, que renovaron la pregunta: \u00bfqu\u00e9 nos dice el espectro?<\/p>\n<div id=\"attachment_9256\" style=\"width: 730px\" class=\"wp-caption aligncenter\"><a href=\"http:\/\/www.proyectoallen.com.ar\/3\/wp-content\/uploads\/2019\/06\/POZO-2-1919.jpg\"><img loading=\"lazy\" decoding=\"async\" aria-describedby=\"caption-attachment-9256\" class=\"wp-image-9256 size-large\" src=\"http:\/\/www.proyectoallen.com.ar\/3\/wp-content\/uploads\/2019\/06\/POZO-2-1919-1024x747.jpg\" alt=\"\" width=\"720\" height=\"525\" srcset=\"https:\/\/www.proyectoallen.com.ar\/3\/wp-content\/uploads\/2019\/06\/POZO-2-1919-1024x747.jpg 1024w, https:\/\/www.proyectoallen.com.ar\/3\/wp-content\/uploads\/2019\/06\/POZO-2-1919-300x219.jpg 300w, https:\/\/www.proyectoallen.com.ar\/3\/wp-content\/uploads\/2019\/06\/POZO-2-1919-768x560.jpg 768w, https:\/\/www.proyectoallen.com.ar\/3\/wp-content\/uploads\/2019\/06\/POZO-2-1919-250x182.jpg 250w, https:\/\/www.proyectoallen.com.ar\/3\/wp-content\/uploads\/2019\/06\/POZO-2-1919.jpg 1408w\" sizes=\"auto, (max-width: 720px) 100vw, 720px\" \/><\/a><p id=\"caption-attachment-9256\" class=\"wp-caption-text\">Pozo 1919<\/p><\/div>\n<p style=\"text-align: justify;\">(*) En <em>La Protesta <\/em>29 de enero de 1919 dice al respecto: \u201cEn esta localidad se constituy\u00f3, por un grupo de compa\u00f1eros, un centro obrero de instrucci\u00f3n popular, el que har\u00e1 propaganda entre los trabajadores del campo\u201d.<\/p>\n<p style=\"text-align: justify;\">(+) El 4 de marzo de 1925 la Jefatura de Polic\u00eda del Territorio inform\u00f3 al gobernador Denis que los pozos 12 y 15 de los Yacimientos Petrol\u00edferos Fiscales hab\u00edan sufrido da\u00f1os intencionales causados por personas extra\u00f1as. El escueto Parte Diario concluye con el formalismo de rutina: \u201cPractica averiguaciones e instruye sumario\u201d. El resultado de esa instrucci\u00f3n es una inc\u00f3gnita. Parte Diario N\u00ba 119, 4 de marzo de 1925. Parte Diario UC 7 1924-1925. Fuerzas de Seguridad. Sistema Provincial de Archivos del Neuqu\u00e9n.<\/p>\n<p style=\"text-align: justify;\"><strong>Bibliograf\u00eda:<\/strong><\/p>\n<p style=\"text-align: justify;\"><strong>Bilsky,\u00a0 Edgardo<\/strong> (1984). <em>La Semana Tr\u00e1gica<\/em>. Bs. As. Centro Editor de Am\u00e9rica Latina. Biblioteca Pol\u00edtica Argentina, tomo 50<strong>.<\/strong><\/p>\n<p style=\"text-align: justify;\"><strong>Bilsky, Edgardo<\/strong> <em>et al<\/em>. (1987). <em>El movimiento obrero judi\u0301o en la Argentina<\/em>. Bs. As. AMIA Comunidad Judi\u0301a de Buenos Aires.<\/p>\n<p style=\"text-align: justify;\"><strong>Gadano, Nicol\u00e1s<\/strong> (2006). <em>Historia del petr\u00f3leo en la Argentina. 1907-1955: Desde los inicios a la ca\u00edda de Per\u00f3n. <\/em>1ra Edici\u00f3n, 1ra reimpresi\u00f3n. Bs. As. Edhasa.<\/p>\n<p style=\"text-align: justify;\"><strong>Garc\u00eda, Marcelo<\/strong> (2016). <em>Sim\u00f3n, el primer despedido petrolero de 1907, y las lecciones para el feroz ajuste del presente<\/em>. Comodoro Rivadavia. El Extremo Sur, 14 de diciembre. (on line)<\/p>\n<p style=\"text-align: justify;\"><strong>G\u00f3mez, Rufino <\/strong>(1973). <em>La Gran Huelga Petrolera de Comodoro Rivadavia (1931-1932)<\/em>. Buenos Aires. Ediciones Centro de Estudios.<\/p>\n<p style=\"text-align: justify;\"><strong>Heger Wagner, Tom\u00e1s<\/strong> (2010). <em>Guardianes del Orden. Primera recopilaci\u00f3n de datos y antecedentes hist\u00f3ricos de la polic\u00eda de Neuqu\u00e9n 1879-2000<\/em>. Neuqu\u00e9n. Edici\u00f3n del autor. Tomo III.<\/p>\n<p style=\"text-align: justify;\"><strong>Mas\u00e9s, Enrique<\/strong> et al. (1994). <em>El mundo del trabajo: Neuqu\u00e9n (1884-1930). <\/em>Neuqu\u00e9n. G.E.Hi.So. Universidad Nacional del Comahue.<\/p>\n<p style=\"text-align: justify;\"><strong>Taranda, D<\/strong>.; <strong>Mas\u00e9s, E.<\/strong>; y <strong>Bonifacio, J.L.<\/strong> (2007). <em>La protesta social en Neuqu\u00e9n. Viejas y nuevas formas<\/em>. Neuqu\u00e9n. Educo Editorial. Universidad Nacional del Comahue.<\/p>\n<p style=\"text-align: justify;\"><em>Nota publicada originamente en el portal de noticias 8300 web<\/em><em> (19\/01\/2017), esta versi\u00f3n fue ampliada y corregida por el autor para + Neuqu\u00e9n.<\/em><\/p>\n<p>&nbsp;<\/p>\n<h3><strong>Algo m\u00e1s&#8230;<\/strong><\/h3>\n<p style=\"text-align: justify;\"><a href=\"http:\/\/www.proyectoallen.com.ar\/3\/?p=7851\"><strong>Allen 1921: del soviet a la caza de obreros<\/strong><\/a><\/p>\n<p><a href=\"http:\/\/www.cgtmurcia.org\/cultura-libertaria\/anarkobiblioteka\/pensamiento-libertario\/pacifismo-violencia-derecho-y-antirrepresion\/3156-america-argentina-allen-1921-del-soviet-a-la-caza-de-obreros\">AM\u00c9RICA: ARGENTINA &#8211; ALLEN 1921: DEL SOVIET A LA CAZA DE OBREROS<\/a><\/p>\n<p>&nbsp;<\/p>\n","protected":false},"excerpt":{"rendered":"<p>En 1919 una huelga en Plaza Huincul por jornada laboral de 8 horas, salario m\u00ednimo y paga en t\u00e9rmino culmin\u00f3 con la expulsi\u00f3n de su promotor, \u201cde nacionalidad rusa\u201d. En 1932 un \u201cindividuo de&#46;&#46;&#46;<\/p>\n","protected":false},"author":2,"featured_media":9253,"comment_status":"open","ping_status":"closed","sticky":false,"template":"","format":"standard","meta":{"ngg_post_thumbnail":0,"footnotes":""},"categories":[22,12,13],"tags":[],"class_list":["post-9250","post","type-post","status-publish","format-standard","has-post-thumbnail","hentry","category-novedades","category-sabias","category-unpocodehistoria"],"jetpack_featured_media_url":"https:\/\/www.proyectoallen.com.ar\/3\/wp-content\/uploads\/2019\/06\/Operarios-y-jefe-posando-frente-a-torre-de-petr\u00f3leo.jpg","_links":{"self":[{"href":"https:\/\/www.proyectoallen.com.ar\/3\/index.php?rest_route=\/wp\/v2\/posts\/9250","targetHints":{"allow":["GET"]}}],"collection":[{"href":"https:\/\/www.proyectoallen.com.ar\/3\/index.php?rest_route=\/wp\/v2\/posts"}],"about":[{"href":"https:\/\/www.proyectoallen.com.ar\/3\/index.php?rest_route=\/wp\/v2\/types\/post"}],"author":[{"embeddable":true,"href":"https:\/\/www.proyectoallen.com.ar\/3\/index.php?rest_route=\/wp\/v2\/users\/2"}],"replies":[{"embeddable":true,"href":"https:\/\/www.proyectoallen.com.ar\/3\/index.php?rest_route=%2Fwp%2Fv2%2Fcomments&post=9250"}],"version-history":[{"count":2,"href":"https:\/\/www.proyectoallen.com.ar\/3\/index.php?rest_route=\/wp\/v2\/posts\/9250\/revisions"}],"predecessor-version":[{"id":9258,"href":"https:\/\/www.proyectoallen.com.ar\/3\/index.php?rest_route=\/wp\/v2\/posts\/9250\/revisions\/9258"}],"wp:featuredmedia":[{"embeddable":true,"href":"https:\/\/www.proyectoallen.com.ar\/3\/index.php?rest_route=\/wp\/v2\/media\/9253"}],"wp:attachment":[{"href":"https:\/\/www.proyectoallen.com.ar\/3\/index.php?rest_route=%2Fwp%2Fv2%2Fmedia&parent=9250"}],"wp:term":[{"taxonomy":"category","embeddable":true,"href":"https:\/\/www.proyectoallen.com.ar\/3\/index.php?rest_route=%2Fwp%2Fv2%2Fcategories&post=9250"},{"taxonomy":"post_tag","embeddable":true,"href":"https:\/\/www.proyectoallen.com.ar\/3\/index.php?rest_route=%2Fwp%2Fv2%2Ftags&post=9250"}],"curies":[{"name":"wp","href":"https:\/\/api.w.org\/{rel}","templated":true}]}}