{"id":9425,"date":"2020-03-16T23:25:22","date_gmt":"2020-03-16T23:25:22","guid":{"rendered":"http:\/\/www.proyectoallen.com.ar\/3\/?p=9425"},"modified":"2020-03-16T23:27:05","modified_gmt":"2020-03-16T23:27:05","slug":"solicitud-juzgado-de-familia-a-la-intendente-liliana-martin","status":"publish","type":"post","link":"https:\/\/www.proyectoallen.com.ar\/3\/?p=9425","title":{"rendered":"Solicitud Juzgado de Familia a la Intendente Liliana Mart\u00edn"},"content":{"rendered":"<p><strong>Nota e Informe\u00a0 \u00a0 \u00a0<\/strong> \u00a0 \u00a0 \u00a0 \u00a0 \u00a0 \u00a0 \u00a0<!--more--><\/p>\n<p style=\"text-align: justify;\">Nos dirigimos a usted a fin de solicitar su intervenci\u00f3n para hacer efectiva la puesta en marcha del Juzgado de Familia N\u00b023 en la localidad. Sabemos que el mismo establecido por la ley N\u00b02430 en 2010, pero a\u00fan no se ha instalado en la localidad pese a la inminente demanda y el crecimiento exponencial de delitos de violencia familiar y de g\u00e9nero que ameritan su <strong>INMEDIATO<\/strong> funcionamiento efectivo.<\/p>\n<p style=\"text-align: justify;\">\u00a0\u00a0\u00a0\u00a0\u00a0\u00a0\u00a0\u00a0\u00a0\u00a0\u00a0\u00a0\u00a0\u00a0\u00a0\u00a0\u00a0\u00a0 Adjuntamos a este petitorio, un informe estad\u00edstico propiciado por el Poder Judicial de la provincia de Rio Negro, que expresa el n\u00famero de denuncias efectuadas en nuestra ciudad y el desborde de los juzgados de las localidades vecinas que atienden los casos denunciados en Allen. Tanto el juzgado de Cipolletti como el de Gral. Roca deben hacerse cargo de sus propias causas antes de atender a las dem\u00e1s, lo que implica el posponer continuo en la resoluci\u00f3n judicial de las denuncias provenientes de Allen y Fern\u00e1ndez Oro.<\/p>\n<p style=\"text-align: justify;\">\u00a0Estamos a su disposici\u00f3n para trabajar conjuntamente a fin de que se resuelva esta situaci\u00f3n que nos atraviesa y que se torna cada vez m\u00e1s compleja. Las estad\u00edsticas demuestran que mientras en la regi\u00f3n crecen las denuncias de personas que son v\u00edctimas de alg\u00fan tipo de violencia en el seno familiar, los esfuerzos para aportar soluciones, se diluyen en un c\u00famulo de voluntades y acciones dispersas, sin abordaje integral. Es nuestra intenci\u00f3n que se revierta esta situaci\u00f3n y no dudamos que tambi\u00e9n es la suya.<\/p>\n<p style=\"text-align: justify;\">\u00a0\u00a0\u00a0\u00a0\u00a0\u00a0\u00a0\u00a0\u00a0\u00a0 Sin otro particular y a la espera de una respuesta, nos despedimos atte.<\/p>\n<p style=\"text-align: right;\"><strong><em>Observatorio de pol\u00edticas de g\u00e9nero-Allen<\/em><\/strong><\/p>\n<p><a href=\"http:\/\/www.proyectoallen.com.ar\/3\/wp-content\/uploads\/2020\/03\/template-observatorio.jpg\"><img loading=\"lazy\" decoding=\"async\" class=\"aligncenter wp-image-9428\" src=\"http:\/\/www.proyectoallen.com.ar\/3\/wp-content\/uploads\/2020\/03\/template-observatorio-1024x724.jpg\" alt=\"\" width=\"337\" height=\"238\" srcset=\"https:\/\/www.proyectoallen.com.ar\/3\/wp-content\/uploads\/2020\/03\/template-observatorio-1024x724.jpg 1024w, https:\/\/www.proyectoallen.com.ar\/3\/wp-content\/uploads\/2020\/03\/template-observatorio-300x212.jpg 300w, https:\/\/www.proyectoallen.com.ar\/3\/wp-content\/uploads\/2020\/03\/template-observatorio-768x543.jpg 768w, https:\/\/www.proyectoallen.com.ar\/3\/wp-content\/uploads\/2020\/03\/template-observatorio-250x177.jpg 250w\" sizes=\"auto, (max-width: 337px) 100vw, 337px\" \/><\/a><\/p>\n<p>&nbsp;<\/p>\n<h4 style=\"text-align: center;\"><strong>INFORME<\/strong><\/h4>\n<p><strong>Datos seg\u00fan el <a href=\"http:\/\/servicios.jusrionegro.gov.ar\/inicio\/web\/gobierno-abierto\/estadisticas\/suplementos\/Suplemento_Estadistico_Primer_Semestre_2019.pdf\">Informe Estad\u00edstico del Poder Judicial de Rio Negro (1er semestre 2019)<\/a><\/strong><\/p>\n<p style=\"text-align: justify;\">En Allen dependemos de los <em>Juzgados de Roca y Cipolletti (2da y 4ta circunscripci\u00f3n<\/em>). General Roca solicit\u00f3 otro y en 2017 se le otorg\u00f3. Sin embargo, el de Allen no se hace efectivo \u201cpor problemas econ\u00f3micos\u201d seg\u00fan argument\u00f3 la justicia rionegrina en 2017. En el Informe Estad\u00edstico del Poder Judicial de Rio Negro 2019, los Juzgados que m\u00e1s denuncias han tenido son justamente los de Roca y Cipolletti y se ha debido aplicar la ley 3040 en la mayor\u00eda de los casos.<\/p>\n<p style=\"text-align: justify;\">Ver en el informe:<\/p>\n<p style=\"text-align: justify;\">Gr\u00e1fico 3.1. <strong>Ingresos Totales por Juzgados <\/strong>y Gr\u00e1fico 3.3. <strong>Tipos de Procesos mas frecuentes<\/strong> en pagina n\u00famero 20.<\/p>\n<p class=\"normal\" style=\"text-align: justify;\"><span lang=\"ES-AR\" style=\"font-size: 12.0pt; line-height: 107%;\">LA VIOLENCIA FAMILIAR EST\u00c1 INSTALADA EN ALLEN Y CRECEN LA DENUNCIAS A\u00d1O TRAS A\u00d1O. Esto lo venimos diciendo desde el mismo momento en que se gest\u00f3 el Observatorio pues trabajamos con distintas dependencias del Estado y hemos visto su constante crecimiento.<\/span><\/p>\n<p class=\"normal\" style=\"text-align: justify;\"><span lang=\"ES-AR\" style=\"font-size: 12.0pt; line-height: 107%;\">Justamente en el Informe de este a\u00f1o Allen tiene la mayor cantidad de denuncias <u>de toda la provincia<\/u> y las denunciantes son en su mayor\u00eda, de mujeres de entre 20 y 49 a\u00f1os a hombres del mismo rango de edad.<\/span><\/p>\n<p style=\"text-align: justify;\">Ver en el Informe:<\/p>\n<p style=\"text-align: justify;\">Gr\u00e1fico 6.1. <strong>Causas de Violencia Familiar registradas en Juzgados de Paz: Allen lidera a todas las ciudades con el 21, 06%.\u00a0<\/strong><\/p>\n<p style=\"text-align: justify;\">Gr\u00e1fico 6.2. <strong>Sexo y Rango de edades de las personas que denuncian. <\/strong>Pagina 37. Gr\u00e1fico 6.3. <strong>Sexo y Rango de edades de las personas denunciadas. <\/strong>Pagina 38.<\/p>\n<p class=\"normal\" style=\"text-align: justify;\"><span lang=\"ES-AR\">En cuanto a las causas de violencia familiar,nuevamente en 2019 el crecimiento de casos se manifiesta, una vez m\u00e1s, en los Juzgados del Alto Valle. Los procesos de Ley 3.040 (Violencia Familiar) son notoriamente los de mayor n\u00famero. <\/span><\/p>\n<p class=\"normal\" style=\"text-align: justify;\"><span lang=\"ES-AR\">Ver en el Informe:<\/span><\/p>\n<p class=\"normal\" style=\"text-align: justify;\"><span lang=\"ES-AR\"> Gr\u00e1fico 6.4. <b>Ingresos de Causas de Violencia Familiar en Juzgados de Familia. <\/b>Gr\u00e1fico 6.5.<b>\u00a0 Incidente de Violencia por Juzgado. <\/b>Pagina 39.<\/span><\/p>\n<p style=\"text-align: justify;\">Queremos el Juzgado en Allen no solo porque corresponde cumplir la ley emitida en 2010 que ampara su creaci\u00f3n, sino porque vemos que las dificultades econ\u00f3micas de la mayor\u00eda de las victimas hacen m\u00e1s dif\u00edcil el acceso a la justicia y porque las causas judiciales por violencia familiar crecen permanentemente en Allen. Necesitamos que el poder pol\u00edtico entienda que es un problema que hay que resolver y que es URGENTE tomar medidas con pol\u00edticas p\u00fablicas tendientes a prevenir la violencia familiar y de g\u00e9nero con abordaje integral.<\/p>\n<p style=\"text-align: justify;\">\u00a0Nosotras trabajamos con los Juzgados de Roca, hemos intervenido en casos y conocido a cada secretaria responsable de Juzgados, comisarias, SENAF, etc. Las quejas en cuanto a la falta de presupuesto y asistentes directos a cargo de ir a los hogares, buscar mediaci\u00f3n y asistir a las v\u00edctimas de manera directa para prevenir, es constante. Tanto en el Juzgado de Allen como en la Comisaria de la familia, faltan especialistas para atender psicol\u00f3gicamente a las v\u00edctimas, y no poseen un espacio de refugio<em><u> <strong>temporal<\/strong><\/u><\/em> para ellas, que muchas veces escapan de sus hogares para radicar las denuncias.<\/p>\n<p style=\"text-align: justify;\">Necesitamos un Juzgado de Familia para tomar medidas de protecci\u00f3n urgentes, y excepcionales cuando hacen falta medidas cautelares, restringir el contacto con quien agrede, ordenar una custodia policial y realizar el control de legalidad. Necesitamos que quienes est\u00e9n a su cargo tambi\u00e9n tengan un compromiso real y consciente de la problem\u00e1tica.<\/p>\n<p style=\"text-align: justify;\">En 2019, en Argentina, la cantidad de mujeres agredidas triplic\u00f3 a la de hombres seg\u00fan informe de la Oficina de Violencia Dom\u00e9stica (OVD). Y es<strong> Rio Negro la provincia donde los femicidios superan la media del pa\u00eds.<\/strong> Nuestra lectura nos permite inferir que Allen y la zona del Alto Valle contribuyen a esas cifras exorbitantes.<\/p>\n<p style=\"text-align: justify;\">Allen pertenece a la Circunscripci\u00f3n Judicial Segunda (por Ley Org\u00e1nica del Poder Judicial N\u00ba 5.190) seg\u00fan el Informe de 2019, es la Circunscripci\u00f3n <strong><u>que mas causas ha ingresado en 2019<\/u> <\/strong>a Juzgados Civiles, y va en crecimiento con respecto a otros a\u00f1os anteriores. Allen lidera ampliamente a dem\u00e1s localidades en el n\u00famero de denuncias por violencia familiar y lo hace en el Juzgado de Paz \u00bfC\u00f3mo explicamos esto?. Los Juzgados de Paz de la provincia cuentan con escasos recursos humanos, econ\u00f3micos y el personal no tiene formaci\u00f3n espec\u00edfica en violencia familiar y de g\u00e9nero.<\/p>\n<p style=\"text-align: justify;\">El s\u00e1bado 25 de noviembre de 2017, en el d\u00eda Internacional de la NO Violencia Contra la Mujer, el Observatorio de Pol\u00edticas de Genero &#8211; Allen, Red sin Fronteras y el Grupo de Ayuda Mutua Manos Entrelazadas estuvimos juntando firmas para lograr que el Juzgado de Familia N\u00b0 23 (creado en 2010 por Ley 2430 Org\u00e1nica del Poder Judicial de R\u00edo Negro) se instale en Allen.<\/p>\n<p><iframe loading=\"lazy\"  id=\"_ytid_23634\"  width=\"480\" height=\"270\"  data-origwidth=\"480\" data-origheight=\"270\" src=\"https:\/\/www.youtube.com\/embed\/gBKaEzpW-vw?enablejsapi=1&#038;autoplay=0&#038;cc_load_policy=0&#038;cc_lang_pref=&#038;iv_load_policy=1&#038;loop=0&#038;rel=0&#038;fs=1&#038;playsinline=0&#038;autohide=2&#038;theme=dark&#038;color=red&#038;controls=1&#038;\" class=\"__youtube_prefs__  epyt-is-override  no-lazyload\" title=\"YouTube player\"  allow=\"fullscreen; accelerometer; autoplay; clipboard-write; encrypted-media; gyroscope; picture-in-picture\" allowfullscreen data-no-lazy=\"1\" data-skipgform_ajax_framebjll=\"\"><\/iframe><\/p>\n<p class=\"normal\" style=\"text-align: justify;\"><span lang=\"ES-AR\">\u00a0<\/span><\/p>\n<p style=\"text-align: justify;\">\n","protected":false},"excerpt":{"rendered":"<p>Nota e Informe\u00a0 \u00a0 \u00a0 \u00a0 \u00a0 \u00a0 \u00a0 \u00a0 \u00a0 \u00a0<\/p>\n","protected":false},"author":2,"featured_media":9428,"comment_status":"open","ping_status":"closed","sticky":false,"template":"","format":"standard","meta":{"ngg_post_thumbnail":0,"footnotes":""},"categories":[5,22],"tags":[],"class_list":["post-9425","post","type-post","status-publish","format-standard","has-post-thumbnail","hentry","category-educacion","category-novedades"],"jetpack_featured_media_url":"https:\/\/www.proyectoallen.com.ar\/3\/wp-content\/uploads\/2020\/03\/template-observatorio.jpg","_links":{"self":[{"href":"https:\/\/www.proyectoallen.com.ar\/3\/index.php?rest_route=\/wp\/v2\/posts\/9425","targetHints":{"allow":["GET"]}}],"collection":[{"href":"https:\/\/www.proyectoallen.com.ar\/3\/index.php?rest_route=\/wp\/v2\/posts"}],"about":[{"href":"https:\/\/www.proyectoallen.com.ar\/3\/index.php?rest_route=\/wp\/v2\/types\/post"}],"author":[{"embeddable":true,"href":"https:\/\/www.proyectoallen.com.ar\/3\/index.php?rest_route=\/wp\/v2\/users\/2"}],"replies":[{"embeddable":true,"href":"https:\/\/www.proyectoallen.com.ar\/3\/index.php?rest_route=%2Fwp%2Fv2%2Fcomments&post=9425"}],"version-history":[{"count":2,"href":"https:\/\/www.proyectoallen.com.ar\/3\/index.php?rest_route=\/wp\/v2\/posts\/9425\/revisions"}],"predecessor-version":[{"id":9430,"href":"https:\/\/www.proyectoallen.com.ar\/3\/index.php?rest_route=\/wp\/v2\/posts\/9425\/revisions\/9430"}],"wp:featuredmedia":[{"embeddable":true,"href":"https:\/\/www.proyectoallen.com.ar\/3\/index.php?rest_route=\/wp\/v2\/media\/9428"}],"wp:attachment":[{"href":"https:\/\/www.proyectoallen.com.ar\/3\/index.php?rest_route=%2Fwp%2Fv2%2Fmedia&parent=9425"}],"wp:term":[{"taxonomy":"category","embeddable":true,"href":"https:\/\/www.proyectoallen.com.ar\/3\/index.php?rest_route=%2Fwp%2Fv2%2Fcategories&post=9425"},{"taxonomy":"post_tag","embeddable":true,"href":"https:\/\/www.proyectoallen.com.ar\/3\/index.php?rest_route=%2Fwp%2Fv2%2Ftags&post=9425"}],"curies":[{"name":"wp","href":"https:\/\/api.w.org\/{rel}","templated":true}]}}