{"id":9493,"date":"2020-06-14T20:16:16","date_gmt":"2020-06-14T20:16:16","guid":{"rendered":"http:\/\/www.proyectoallen.com.ar\/3\/?p=9493"},"modified":"2020-06-14T20:54:23","modified_gmt":"2020-06-14T20:54:23","slug":"el-rugby-en-allen","status":"publish","type":"post","link":"https:\/\/www.proyectoallen.com.ar\/3\/?p=9493","title":{"rendered":"El rugby en Allen"},"content":{"rendered":"<p><em>Nuestra historia comienza en el siglo pasado, en el a\u00f1o 1957.\u00a0<\/em><\/p>\n<p><em>Por Alejandro Mart\u00edn<\/em><!--more--><\/p>\n<p><a href=\"http:\/\/www.proyectoallen.com.ar\/3\/wp-content\/uploads\/2020\/06\/Rugbi-1.jpg\"><img loading=\"lazy\" decoding=\"async\" class=\"aligncenter size-large wp-image-9494\" src=\"http:\/\/www.proyectoallen.com.ar\/3\/wp-content\/uploads\/2020\/06\/Rugbi-1-1024x606.jpg\" alt=\"\" width=\"1024\" height=\"606\" srcset=\"https:\/\/www.proyectoallen.com.ar\/3\/wp-content\/uploads\/2020\/06\/Rugbi-1-1024x606.jpg 1024w, https:\/\/www.proyectoallen.com.ar\/3\/wp-content\/uploads\/2020\/06\/Rugbi-1-300x178.jpg 300w, https:\/\/www.proyectoallen.com.ar\/3\/wp-content\/uploads\/2020\/06\/Rugbi-1-768x454.jpg 768w, https:\/\/www.proyectoallen.com.ar\/3\/wp-content\/uploads\/2020\/06\/Rugbi-1-250x148.jpg 250w, https:\/\/www.proyectoallen.com.ar\/3\/wp-content\/uploads\/2020\/06\/Rugbi-1.jpg 1494w\" sizes=\"auto, (max-width: 1024px) 100vw, 1024px\" \/><\/a><\/p>\n<p>&nbsp;<\/p>\n<p>La historia del rugby de Allen puede dividirse en 7 etapas<\/p>\n<p style=\"text-align: justify;\">Primer Etapa<br \/>\nLa disciplina del rugby se inici\u00f3 en nuestra localidad en 1957, de la mano de un ingeniero cordob\u00e9s, Alcib\u00edades Moltini, ex jugador del Club Universitario C\u00f3rdoba. Este cordob\u00e9s difundi\u00f3 los primeros conocimientos de un deporte que reci\u00e9n asomaba en el alto valle.<\/p>\n<p style=\"text-align: justify;\">R\u00e1pidamente la difusi\u00f3n y pr\u00e1ctica de esta disciplina, imponente por su modo de disputa y la forma oval de la pelota, gener\u00f3 la iniciativa de fundar una instituci\u00f3n que uniera a deportistas y simpatizantes de ese incipiente deporte.<\/p>\n<p><a href=\"http:\/\/www.proyectoallen.com.ar\/3\/wp-content\/uploads\/2020\/06\/IMG-20200608-WA0014.jpg\"><img loading=\"lazy\" decoding=\"async\" class=\"aligncenter size-full wp-image-9498\" src=\"http:\/\/www.proyectoallen.com.ar\/3\/wp-content\/uploads\/2020\/06\/IMG-20200608-WA0014.jpg\" alt=\"\" width=\"755\" height=\"605\" srcset=\"https:\/\/www.proyectoallen.com.ar\/3\/wp-content\/uploads\/2020\/06\/IMG-20200608-WA0014.jpg 755w, https:\/\/www.proyectoallen.com.ar\/3\/wp-content\/uploads\/2020\/06\/IMG-20200608-WA0014-300x240.jpg 300w, https:\/\/www.proyectoallen.com.ar\/3\/wp-content\/uploads\/2020\/06\/IMG-20200608-WA0014-250x200.jpg 250w\" sizes=\"auto, (max-width: 755px) 100vw, 755px\" \/><\/a><\/p>\n<p style=\"text-align: justify;\">Nace as\u00ed en 1957, el Allen Rugby Club, presidido por Ar\u00edstides Pagani y el Dr. Jorge Cort\u00e9z en el cargo de vicepresidente de la nueva instituci\u00f3n. La camiseta era de color rojo y cuenta con el honor de haber sido, en 1959, miembro fundador de la Uni\u00f3n de Rugby del Alto Valle de R\u00edo Negro y Neuquen.<\/p>\n<div id=\"attachment_9495\" style=\"width: 1034px\" class=\"wp-caption aligncenter\"><a href=\"http:\/\/www.proyectoallen.com.ar\/3\/wp-content\/uploads\/2020\/06\/Allen-Rugby-Club-a\u00f1os-60.jpg\"><img loading=\"lazy\" decoding=\"async\" aria-describedby=\"caption-attachment-9495\" class=\"wp-image-9495 size-large\" src=\"http:\/\/www.proyectoallen.com.ar\/3\/wp-content\/uploads\/2020\/06\/Allen-Rugby-Club-a\u00f1os-60-1024x574.jpg\" alt=\"\" width=\"1024\" height=\"574\" srcset=\"https:\/\/www.proyectoallen.com.ar\/3\/wp-content\/uploads\/2020\/06\/Allen-Rugby-Club-a\u00f1os-60-1024x574.jpg 1024w, https:\/\/www.proyectoallen.com.ar\/3\/wp-content\/uploads\/2020\/06\/Allen-Rugby-Club-a\u00f1os-60-300x168.jpg 300w, https:\/\/www.proyectoallen.com.ar\/3\/wp-content\/uploads\/2020\/06\/Allen-Rugby-Club-a\u00f1os-60-768x430.jpg 768w, https:\/\/www.proyectoallen.com.ar\/3\/wp-content\/uploads\/2020\/06\/Allen-Rugby-Club-a\u00f1os-60-250x140.jpg 250w, https:\/\/www.proyectoallen.com.ar\/3\/wp-content\/uploads\/2020\/06\/Allen-Rugby-Club-a\u00f1os-60.jpg 1837w\" sizes=\"auto, (max-width: 1024px) 100vw, 1024px\" \/><\/a><p id=\"caption-attachment-9495\" class=\"wp-caption-text\">Ra\u00fal Rodr\u00edguez Viera Cuarta Divisi\u00f3n, A\u00f1o 1966 &#8211; Parados: Francisco Sarno, Ra\u00fal Rodr\u00edguez Viera, Jorge Suarez, C\u00e9sar Castro, Jorge Gatica, Luciano Spadari, \u00abLoco\u00bb Bonoff, Salvador Dal\u00fa, Hermosilla, Jorge Eildistein, N\u00e9stor Szerman, Daniel Vona, Omar Bramatti, \u00abTomate\u00bb Benjam\u00edn y Jorge Sosa.<\/p><\/div>\n<p style=\"text-align: justify;\">La sucesi\u00f3n de triunfos consecutivos en los campeonatos oficiales de la \u00e9poca consolidaron la instituci\u00f3n e instalaron definitivamente a la localidad de Allen como una reconocida plaza del rugby en la regi\u00f3n.<\/p>\n<p><a href=\"http:\/\/www.proyectoallen.com.ar\/3\/wp-content\/uploads\/2020\/06\/IMG-20200608-WA0017.jpg\"><img loading=\"lazy\" decoding=\"async\" class=\"aligncenter size-large wp-image-9497\" src=\"http:\/\/www.proyectoallen.com.ar\/3\/wp-content\/uploads\/2020\/06\/IMG-20200608-WA0017-1024x618.jpg\" alt=\"\" width=\"1024\" height=\"618\" srcset=\"https:\/\/www.proyectoallen.com.ar\/3\/wp-content\/uploads\/2020\/06\/IMG-20200608-WA0017-1024x618.jpg 1024w, https:\/\/www.proyectoallen.com.ar\/3\/wp-content\/uploads\/2020\/06\/IMG-20200608-WA0017-300x181.jpg 300w, https:\/\/www.proyectoallen.com.ar\/3\/wp-content\/uploads\/2020\/06\/IMG-20200608-WA0017-768x463.jpg 768w, https:\/\/www.proyectoallen.com.ar\/3\/wp-content\/uploads\/2020\/06\/IMG-20200608-WA0017-250x151.jpg 250w, https:\/\/www.proyectoallen.com.ar\/3\/wp-content\/uploads\/2020\/06\/IMG-20200608-WA0017.jpg 1145w\" sizes=\"auto, (max-width: 1024px) 100vw, 1024px\" \/><\/a><\/p>\n<p style=\"text-align: justify;\">El Allen Rugby Club fue cinco veces campe\u00f3n en forma consecutiva desde 1959 hasta 1963 (en 1963 comparti\u00f3 el campeonato con el club Del Progreso).<\/p>\n<p><a href=\"http:\/\/www.proyectoallen.com.ar\/3\/wp-content\/uploads\/2020\/06\/IMG-20200608-WA0011.jpg\"><img loading=\"lazy\" decoding=\"async\" class=\"aligncenter size-large wp-image-9499\" src=\"http:\/\/www.proyectoallen.com.ar\/3\/wp-content\/uploads\/2020\/06\/IMG-20200608-WA0011-1024x518.jpg\" alt=\"\" width=\"1024\" height=\"518\" srcset=\"https:\/\/www.proyectoallen.com.ar\/3\/wp-content\/uploads\/2020\/06\/IMG-20200608-WA0011-1024x518.jpg 1024w, https:\/\/www.proyectoallen.com.ar\/3\/wp-content\/uploads\/2020\/06\/IMG-20200608-WA0011-300x152.jpg 300w, https:\/\/www.proyectoallen.com.ar\/3\/wp-content\/uploads\/2020\/06\/IMG-20200608-WA0011-768x389.jpg 768w, https:\/\/www.proyectoallen.com.ar\/3\/wp-content\/uploads\/2020\/06\/IMG-20200608-WA0011-250x126.jpg 250w, https:\/\/www.proyectoallen.com.ar\/3\/wp-content\/uploads\/2020\/06\/IMG-20200608-WA0011.jpg 1194w\" sizes=\"auto, (max-width: 1024px) 100vw, 1024px\" \/><\/a><\/p>\n<p style=\"text-align: justify;\">Segunda Etapa<br \/>\nDurante los a\u00f1os 1966 y 1967 el rugby se agrup\u00f3 bajo la divisa del Club Uni\u00f3n Alem Progresista, colores que represent\u00f3 durante esas dos temporadas.<\/p>\n<p style=\"text-align: justify;\">Tercera Etapa<br \/>\nEn 1969, el rugby reinicia la actividad con el nombre de Club Nibelungos presidido por Dr. Eduardo Rodrigo. Casaca en colores blanco y negro dispuestos en franjas horizontales, identificaban la nueva agrupaci\u00f3n.<\/p>\n<p style=\"text-align: justify;\">Nibelungos se destac\u00f3 con excelentes resultados en los torneos de la Uni\u00f3n y, recreando sus inicios, marc\u00f3 una fuerte impronta que lo ubicaron dentro de los mejores equipos de la zona.<\/p>\n<p style=\"text-align: justify;\">La permanencia de Nibelungos se prolong\u00f3 hasta el a\u00f1o 1974.<\/p>\n<p style=\"text-align: justify;\"><a href=\"http:\/\/www.proyectoallen.com.ar\/3\/wp-content\/uploads\/2020\/06\/IMG-20200608-WA0020.jpg\"><img loading=\"lazy\" decoding=\"async\" class=\"aligncenter size-large wp-image-9500\" src=\"http:\/\/www.proyectoallen.com.ar\/3\/wp-content\/uploads\/2020\/06\/IMG-20200608-WA0020-1024x649.jpg\" alt=\"\" width=\"1024\" height=\"649\" srcset=\"https:\/\/www.proyectoallen.com.ar\/3\/wp-content\/uploads\/2020\/06\/IMG-20200608-WA0020-1024x649.jpg 1024w, https:\/\/www.proyectoallen.com.ar\/3\/wp-content\/uploads\/2020\/06\/IMG-20200608-WA0020-300x190.jpg 300w, https:\/\/www.proyectoallen.com.ar\/3\/wp-content\/uploads\/2020\/06\/IMG-20200608-WA0020-768x487.jpg 768w, https:\/\/www.proyectoallen.com.ar\/3\/wp-content\/uploads\/2020\/06\/IMG-20200608-WA0020-250x159.jpg 250w, https:\/\/www.proyectoallen.com.ar\/3\/wp-content\/uploads\/2020\/06\/IMG-20200608-WA0020.jpg 1132w\" sizes=\"auto, (max-width: 1024px) 100vw, 1024px\" \/><\/a><br \/>\nCuarta Etapa<br \/>\nEn 1976 con el acompa\u00f1amiento del entonces Intendente Guillermo Scaramella se constituye el equipo Municipal de Allen.<\/p>\n<p style=\"text-align: justify;\">El color amarillo de las camisetas que caracterizaban a la nueva agrupaci\u00f3n vistieron la tradicional cancha de Bagliani, en el acceso principal de la ciudad que el desarrollo convirti\u00f3 en el Barrio El Portal. Fue en ese escenario en el que se vivi\u00f3 uno de los momentos quiz\u00e1s m\u00e1s emotivos del rugby allense. La disputa de un encuentro con el legendario equipo de Los Pumas 1965.<\/p>\n<p style=\"text-align: justify;\">El mismo seleccionado que en representaci\u00f3n del pa\u00eds en una gira por la lejana Sud\u00e1frica, con una performance deportiva hist\u00f3rica, insert\u00f3 el rugby argentino en el orden mundial.<\/p>\n<p><a href=\"http:\/\/www.proyectoallen.com.ar\/3\/wp-content\/uploads\/2020\/06\/1.jpg\"><img loading=\"lazy\" decoding=\"async\" class=\"aligncenter size-large wp-image-9501\" src=\"http:\/\/www.proyectoallen.com.ar\/3\/wp-content\/uploads\/2020\/06\/1-1024x713.jpg\" alt=\"\" width=\"1024\" height=\"713\" srcset=\"https:\/\/www.proyectoallen.com.ar\/3\/wp-content\/uploads\/2020\/06\/1-1024x713.jpg 1024w, https:\/\/www.proyectoallen.com.ar\/3\/wp-content\/uploads\/2020\/06\/1-300x209.jpg 300w, https:\/\/www.proyectoallen.com.ar\/3\/wp-content\/uploads\/2020\/06\/1-768x535.jpg 768w, https:\/\/www.proyectoallen.com.ar\/3\/wp-content\/uploads\/2020\/06\/1-250x174.jpg 250w, https:\/\/www.proyectoallen.com.ar\/3\/wp-content\/uploads\/2020\/06\/1.jpg 1656w\" sizes=\"auto, (max-width: 1024px) 100vw, 1024px\" \/><\/a><\/p>\n<p><a href=\"http:\/\/www.proyectoallen.com.ar\/3\/wp-content\/uploads\/2020\/06\/2.jpg\"><img loading=\"lazy\" decoding=\"async\" class=\"aligncenter size-large wp-image-9502\" src=\"http:\/\/www.proyectoallen.com.ar\/3\/wp-content\/uploads\/2020\/06\/2-1024x693.jpg\" alt=\"\" width=\"1024\" height=\"693\" srcset=\"https:\/\/www.proyectoallen.com.ar\/3\/wp-content\/uploads\/2020\/06\/2-1024x693.jpg 1024w, https:\/\/www.proyectoallen.com.ar\/3\/wp-content\/uploads\/2020\/06\/2-300x203.jpg 300w, https:\/\/www.proyectoallen.com.ar\/3\/wp-content\/uploads\/2020\/06\/2-768x520.jpg 768w, https:\/\/www.proyectoallen.com.ar\/3\/wp-content\/uploads\/2020\/06\/2-250x169.jpg 250w, https:\/\/www.proyectoallen.com.ar\/3\/wp-content\/uploads\/2020\/06\/2.jpg 1620w\" sizes=\"auto, (max-width: 1024px) 100vw, 1024px\" \/><\/a><\/p>\n<p style=\"text-align: justify;\">Quinta Etapa<br \/>\nEn 1984 el equipo rescata la denominaci\u00f3n de Allen Rugby Club y viste nuevamente la casaca albinegra a franjas horizontales que mantendr\u00e1 definitivamente. En 1987, presidida por Silvio Ploskenos se organiza una comisi\u00f3n del Allen Rugby Club. Esta comisi\u00f3n reestablece todas las divisiones e incorpora adem\u00e1s, la disciplina de hockey femenino.<\/p>\n<p><a href=\"http:\/\/www.proyectoallen.com.ar\/3\/wp-content\/uploads\/2020\/06\/11209673_10204129649736729_5967488929286189263_n.jpg\"><img loading=\"lazy\" decoding=\"async\" class=\"aligncenter size-full wp-image-9503\" src=\"http:\/\/www.proyectoallen.com.ar\/3\/wp-content\/uploads\/2020\/06\/11209673_10204129649736729_5967488929286189263_n.jpg\" alt=\"\" width=\"932\" height=\"508\" srcset=\"https:\/\/www.proyectoallen.com.ar\/3\/wp-content\/uploads\/2020\/06\/11209673_10204129649736729_5967488929286189263_n.jpg 932w, https:\/\/www.proyectoallen.com.ar\/3\/wp-content\/uploads\/2020\/06\/11209673_10204129649736729_5967488929286189263_n-300x164.jpg 300w, https:\/\/www.proyectoallen.com.ar\/3\/wp-content\/uploads\/2020\/06\/11209673_10204129649736729_5967488929286189263_n-768x419.jpg 768w, https:\/\/www.proyectoallen.com.ar\/3\/wp-content\/uploads\/2020\/06\/11209673_10204129649736729_5967488929286189263_n-250x136.jpg 250w\" sizes=\"auto, (max-width: 932px) 100vw, 932px\" \/><\/a><\/p>\n<p>&nbsp;<\/p>\n<p style=\"text-align: justify;\"><em>\u00abEl equipo de hockey local se inici\u00f3 al amparo del Allen Rugby Club, aunque no pod\u00edan ofrecernos mucho m\u00e1s que los colores blanco y negro (hasta para los colores hab\u00eda austeridad) y no ten\u00edamos un espacio propio. Gracias a Miguel Spina pudimos usar durante un tiempo la cancha de Maciel y hacia all\u00ed march\u00e1bamos en caravanas de bicicletas durante el verano para que nos entrenara Horacio Boy\u00e9. Tambi\u00e9n Estella Longarini nos dio unas cuantas nociones. M\u00e1s adelante, alternar\u00edamos entre la cancha de f\u00fatbol de la Escuela Veintitr\u00e9s y ya con Daniel Toranzo, la cancha del Sapo y la cancha de al lado del hospital.\u00a0 Y cuando finalmente nos entren\u00f3 Eduardo del Br\u00edo, ya pertenec\u00edamos al Club Uni\u00f3n. Eso s\u00ed, la cancha de los partidos siempre fue la del Arco Iris, de la que pod\u00edamos sentirnos transitoriamente orgullosas cuando recib\u00edamos a los equipos visitantes con el tel\u00f3n de fondo de las bardas de colores y el r\u00edo\u00bb. <\/em><\/p>\n<p style=\"text-align: justify;\"><em>Testimonio de Mar\u00eda Victoria Mart\u00edn en:<\/em><\/p>\n<blockquote class=\"wp-embedded-content\" data-secret=\"WrmuY6cRO0\"><p><a href=\"https:\/\/www.proyectoallen.com.ar\/3\/?p=2079\">My Spaces: biograf\u00eda sentimental de lugares allenses<\/a><\/p><\/blockquote>\n<p><iframe loading=\"lazy\" class=\"wp-embedded-content\" sandbox=\"allow-scripts\" security=\"restricted\" style=\"position: absolute; visibility: hidden;\" title=\"\u00abMy Spaces: biograf\u00eda sentimental de lugares allenses\u00bb \u2014 Proyecto Allen 3.0\" src=\"https:\/\/www.proyectoallen.com.ar\/3\/?p=2079&#038;embed=true#?secret=h0Qz6YsIDB#?secret=WrmuY6cRO0\" data-secret=\"WrmuY6cRO0\" width=\"500\" height=\"282\" frameborder=\"0\" marginwidth=\"0\" marginheight=\"0\" scrolling=\"no\"><\/iframe><\/p>\n<p>&nbsp;<\/p>\n<p><a href=\"http:\/\/www.proyectoallen.com.ar\/3\/wp-content\/uploads\/2020\/06\/JUGADORAS-DE-LA-SEXTA-DIVISI\u00d3N-DEL-ALLEN-RUGBY-CLUB.jpg\"><img loading=\"lazy\" decoding=\"async\" class=\"aligncenter size-full wp-image-9505\" src=\"http:\/\/www.proyectoallen.com.ar\/3\/wp-content\/uploads\/2020\/06\/JUGADORAS-DE-LA-SEXTA-DIVISI\u00d3N-DEL-ALLEN-RUGBY-CLUB.jpg\" alt=\"\" width=\"627\" height=\"896\" srcset=\"https:\/\/www.proyectoallen.com.ar\/3\/wp-content\/uploads\/2020\/06\/JUGADORAS-DE-LA-SEXTA-DIVISI\u00d3N-DEL-ALLEN-RUGBY-CLUB.jpg 627w, https:\/\/www.proyectoallen.com.ar\/3\/wp-content\/uploads\/2020\/06\/JUGADORAS-DE-LA-SEXTA-DIVISI\u00d3N-DEL-ALLEN-RUGBY-CLUB-210x300.jpg 210w, https:\/\/www.proyectoallen.com.ar\/3\/wp-content\/uploads\/2020\/06\/JUGADORAS-DE-LA-SEXTA-DIVISI\u00d3N-DEL-ALLEN-RUGBY-CLUB-250x357.jpg 250w\" sizes=\"auto, (max-width: 627px) 100vw, 627px\" \/><\/a><\/p>\n<p><a href=\"http:\/\/www.proyectoallen.com.ar\/3\/wp-content\/uploads\/2020\/06\/11054302_10204345652216656_2869880437013214280_o.jpg\"><img loading=\"lazy\" decoding=\"async\" class=\"aligncenter size-large wp-image-9506\" src=\"http:\/\/www.proyectoallen.com.ar\/3\/wp-content\/uploads\/2020\/06\/11054302_10204345652216656_2869880437013214280_o-1024x614.jpg\" alt=\"\" width=\"1024\" height=\"614\" srcset=\"https:\/\/www.proyectoallen.com.ar\/3\/wp-content\/uploads\/2020\/06\/11054302_10204345652216656_2869880437013214280_o-1024x614.jpg 1024w, https:\/\/www.proyectoallen.com.ar\/3\/wp-content\/uploads\/2020\/06\/11054302_10204345652216656_2869880437013214280_o-300x180.jpg 300w, https:\/\/www.proyectoallen.com.ar\/3\/wp-content\/uploads\/2020\/06\/11054302_10204345652216656_2869880437013214280_o-768x460.jpg 768w, https:\/\/www.proyectoallen.com.ar\/3\/wp-content\/uploads\/2020\/06\/11054302_10204345652216656_2869880437013214280_o-250x150.jpg 250w, https:\/\/www.proyectoallen.com.ar\/3\/wp-content\/uploads\/2020\/06\/11054302_10204345652216656_2869880437013214280_o.jpg 1797w\" sizes=\"auto, (max-width: 1024px) 100vw, 1024px\" \/><\/a><\/p>\n<p style=\"text-align: justify;\">En otro orden, realiza las gestiones para la obtenci\u00f3n de la personer\u00eda jur\u00eddica la que es otorgada bajo el nro. 816 seg\u00fan Decreto Nro.1567\/1989. Tambi\u00e9n se obtiene en comodato la concesi\u00f3n de un predio en la isla municipal destinado a fundar el complejo social y deportivo.<\/p>\n<p style=\"text-align: justify;\">Sexta Etapa<\/p>\n<p style=\"text-align: justify;\">En el a\u00f1o 2001 con la conducci\u00f3n dirigencial de Ra\u00fal Rodriguez, ex jugador del club, y la colaboraci\u00f3n de otros veteranos y jugadores en actividad, se reorganiz\u00f3 la instituci\u00f3n, participando en el torneo regular de la Uni\u00f3n con divisiones de competencia y en los encuentros con los equipos infantiles.<\/p>\n<p>Entrevista a Ra\u00fal Rodr\u00edguez Viera contando la historia del rugby en Allen (R.N.)<\/p>\n<p><iframe loading=\"lazy\"  id=\"_ytid_93787\"  width=\"480\" height=\"270\"  data-origwidth=\"480\" data-origheight=\"270\" src=\"https:\/\/www.youtube.com\/embed\/TBzvhfUd-vw?enablejsapi=1&#038;autoplay=0&#038;cc_load_policy=0&#038;cc_lang_pref=&#038;iv_load_policy=1&#038;loop=0&#038;rel=0&#038;fs=1&#038;playsinline=0&#038;autohide=2&#038;theme=dark&#038;color=red&#038;controls=1&#038;\" class=\"__youtube_prefs__  epyt-is-override  no-lazyload\" title=\"YouTube player\"  allow=\"fullscreen; accelerometer; autoplay; clipboard-write; encrypted-media; gyroscope; picture-in-picture\" allowfullscreen data-no-lazy=\"1\" data-skipgform_ajax_framebjll=\"\"><\/iframe><\/p>\n<p><iframe loading=\"lazy\"  id=\"_ytid_34996\"  width=\"480\" height=\"270\"  data-origwidth=\"480\" data-origheight=\"270\" src=\"https:\/\/www.youtube.com\/embed\/ljeveEO0FQ8?enablejsapi=1&#038;autoplay=0&#038;cc_load_policy=0&#038;cc_lang_pref=&#038;iv_load_policy=1&#038;loop=0&#038;rel=0&#038;fs=1&#038;playsinline=0&#038;autohide=2&#038;theme=dark&#038;color=red&#038;controls=1&#038;\" class=\"__youtube_prefs__  epyt-is-override  no-lazyload\" title=\"YouTube player\"  allow=\"fullscreen; accelerometer; autoplay; clipboard-write; encrypted-media; gyroscope; picture-in-picture\" allowfullscreen data-no-lazy=\"1\" data-skipgform_ajax_framebjll=\"\"><\/iframe><\/p>\n<p>&nbsp;<\/p>\n<p style=\"text-align: justify;\">En el 2003 el equipo de primera divisi\u00f3n dirigido por el t\u00e9cnico Juan Manson se coron\u00f3 campe\u00f3n del torneo de ascenso de ese a\u00f1o. Durante el a\u00f1o 2004 la actividad de las distintas divisiones mantuvo su continuidad hasta fines de la temporada.<\/p>\n<p style=\"text-align: justify;\">Septima Etapa<br \/>\nEn el a\u00f1o 2008 se reactiva la actual Comisi\u00f3n Directiva que es presidida por el Sr. Mario Ross\u00f3n. Un nutrido grupo de colaboradores y la activa participaci\u00f3n de los padres permiten hoy sumar gradualmente todas las divisiones infantiles. Con el apoyo del municipio y entidades que se solidarizan con la actividad, se est\u00e1n desarrollando importantes trabajos de acondicionamiento del predio ubicado en la isla municipal.<\/p>\n<p><a href=\"http:\/\/www.proyectoallen.com.ar\/3\/wp-content\/uploads\/2020\/06\/IMG-20200608-WA0015.jpg\"><img loading=\"lazy\" decoding=\"async\" class=\"aligncenter size-full wp-image-9507\" src=\"http:\/\/www.proyectoallen.com.ar\/3\/wp-content\/uploads\/2020\/06\/IMG-20200608-WA0015.jpg\" alt=\"\" width=\"800\" height=\"426\" srcset=\"https:\/\/www.proyectoallen.com.ar\/3\/wp-content\/uploads\/2020\/06\/IMG-20200608-WA0015.jpg 800w, https:\/\/www.proyectoallen.com.ar\/3\/wp-content\/uploads\/2020\/06\/IMG-20200608-WA0015-300x160.jpg 300w, https:\/\/www.proyectoallen.com.ar\/3\/wp-content\/uploads\/2020\/06\/IMG-20200608-WA0015-768x409.jpg 768w, https:\/\/www.proyectoallen.com.ar\/3\/wp-content\/uploads\/2020\/06\/IMG-20200608-WA0015-250x133.jpg 250w\" sizes=\"auto, (max-width: 800px) 100vw, 800px\" \/><\/a><\/p>\n<p style=\"text-align: justify;\">Con las dificultades propias de la \u00e9poca pero con mucho entusiasmo, el Allen Rugby Club contin\u00faa en la senda, honrando su historia y apostando al creciminto de la parte deportiva y de infraestructura.<br \/>\nActualmente (2018) y desde el a\u00f1o 2014 el presidente es Jos\u00e9 Mar\u00eda Sanchez.<\/p>\n<p style=\"text-align: justify;\">En el 2015 el Allen Rugby volvi\u00f3 a la primera divisi\u00f3n con jugadores formados en infantiles y juveniles desde el a\u00f1o 2009.<\/p>\n<p><a href=\"http:\/\/www.proyectoallen.com.ar\/3\/wp-content\/uploads\/2020\/06\/IMG-20200608-WA0013.jpg\"><img loading=\"lazy\" decoding=\"async\" class=\"aligncenter size-full wp-image-9508\" src=\"http:\/\/www.proyectoallen.com.ar\/3\/wp-content\/uploads\/2020\/06\/IMG-20200608-WA0013.jpg\" alt=\"\" width=\"716\" height=\"489\" srcset=\"https:\/\/www.proyectoallen.com.ar\/3\/wp-content\/uploads\/2020\/06\/IMG-20200608-WA0013.jpg 716w, https:\/\/www.proyectoallen.com.ar\/3\/wp-content\/uploads\/2020\/06\/IMG-20200608-WA0013-300x205.jpg 300w, https:\/\/www.proyectoallen.com.ar\/3\/wp-content\/uploads\/2020\/06\/IMG-20200608-WA0013-250x171.jpg 250w\" sizes=\"auto, (max-width: 716px) 100vw, 716px\" \/><\/a><\/p>\n<p>Desde 2017 hasta hoy preside Jos\u00e9 Mar\u00eda Sanchez \u00abCotelo\u00bb junto a un grupo de colaboradores, sin la segunda camada de dirigentes del club luego que dieran su lugar Charly Damico, Mario Rosson, \u00abCachito\u00bb Lacalle.<\/p>\n<p>Acompa\u00f1an a Cotelo Alejandro Mart\u00edn, Diego Parra, Carlos \u00abHarry\u00bb Pereira y Andr\u00e9s Sigampa.<br \/>\nLa actual Comisi\u00f3n est\u00e1 preparando la nueva asamblea para renovar cargos.<\/p>\n<p>Desde el 2017 se han sumado mas chicas y de la uni\u00f3n hoy es URAV: Uni\u00f3n de Rugby del Alto Valle, con mayor numero de chicas y se contin\u00faa con Juveniles M1, Infantiles de 6 a 14 y la hist\u00f3rica Primera Divisi\u00f3n.<\/p>\n<h4><strong>Algo m\u00e1s&#8230;\u00a0<\/strong><\/h4>\n<p>Entrevista a H\u00e9ctor \u00abTiernito\u00bb Garc\u00eda, con Ra\u00fal Rodr\u00edguez Viera, donde cuenta como se inicia el rugby en Allen (R.N.)<\/p>\n<p><iframe loading=\"lazy\"  id=\"_ytid_85524\"  width=\"480\" height=\"270\"  data-origwidth=\"480\" data-origheight=\"270\" src=\"https:\/\/www.youtube.com\/embed\/8ldJIgtFLl8?enablejsapi=1&#038;autoplay=0&#038;cc_load_policy=0&#038;cc_lang_pref=&#038;iv_load_policy=1&#038;loop=0&#038;rel=0&#038;fs=1&#038;playsinline=0&#038;autohide=2&#038;theme=dark&#038;color=red&#038;controls=1&#038;\" class=\"__youtube_prefs__  epyt-is-override  no-lazyload\" title=\"YouTube player\"  allow=\"fullscreen; accelerometer; autoplay; clipboard-write; encrypted-media; gyroscope; picture-in-picture\" allowfullscreen data-no-lazy=\"1\" data-skipgform_ajax_framebjll=\"\"><\/iframe><\/p>\n<p>&nbsp;<\/p>\n<p>I<strong>M\u00c1GENES Y TESTIMONIOS PARA EL RECUERDO<\/strong><\/p>\n<p><a href=\"http:\/\/www.proyectoallen.com.ar\/3\/wp-content\/uploads\/2020\/06\/IMG-20200608-WA0016.jpg\"><img loading=\"lazy\" decoding=\"async\" class=\"aligncenter size-full wp-image-9510\" src=\"http:\/\/www.proyectoallen.com.ar\/3\/wp-content\/uploads\/2020\/06\/IMG-20200608-WA0016.jpg\" alt=\"\" width=\"1019\" height=\"623\" srcset=\"https:\/\/www.proyectoallen.com.ar\/3\/wp-content\/uploads\/2020\/06\/IMG-20200608-WA0016.jpg 1019w, https:\/\/www.proyectoallen.com.ar\/3\/wp-content\/uploads\/2020\/06\/IMG-20200608-WA0016-300x183.jpg 300w, https:\/\/www.proyectoallen.com.ar\/3\/wp-content\/uploads\/2020\/06\/IMG-20200608-WA0016-768x470.jpg 768w, https:\/\/www.proyectoallen.com.ar\/3\/wp-content\/uploads\/2020\/06\/IMG-20200608-WA0016-250x153.jpg 250w\" sizes=\"auto, (max-width: 1019px) 100vw, 1019px\" \/><\/a><\/p>\n<p><a href=\"http:\/\/www.proyectoallen.com.ar\/3\/wp-content\/uploads\/2020\/06\/11717481_10204345654456712_5603974265567600838_o.jpg\"><img loading=\"lazy\" decoding=\"async\" class=\"aligncenter size-large wp-image-9509\" src=\"http:\/\/www.proyectoallen.com.ar\/3\/wp-content\/uploads\/2020\/06\/11717481_10204345654456712_5603974265567600838_o-1024x698.jpg\" alt=\"\" width=\"1024\" height=\"698\" srcset=\"https:\/\/www.proyectoallen.com.ar\/3\/wp-content\/uploads\/2020\/06\/11717481_10204345654456712_5603974265567600838_o-1024x698.jpg 1024w, https:\/\/www.proyectoallen.com.ar\/3\/wp-content\/uploads\/2020\/06\/11717481_10204345654456712_5603974265567600838_o-300x205.jpg 300w, https:\/\/www.proyectoallen.com.ar\/3\/wp-content\/uploads\/2020\/06\/11717481_10204345654456712_5603974265567600838_o-768x524.jpg 768w, https:\/\/www.proyectoallen.com.ar\/3\/wp-content\/uploads\/2020\/06\/11717481_10204345654456712_5603974265567600838_o-250x170.jpg 250w, https:\/\/www.proyectoallen.com.ar\/3\/wp-content\/uploads\/2020\/06\/11717481_10204345654456712_5603974265567600838_o.jpg 1502w\" sizes=\"auto, (max-width: 1024px) 100vw, 1024px\" \/><\/a><\/p>\n<p><a href=\"http:\/\/www.proyectoallen.com.ar\/3\/wp-content\/uploads\/2020\/06\/estrella-polar-1990.jpg\"><img loading=\"lazy\" decoding=\"async\" class=\"aligncenter size-full wp-image-9511\" src=\"http:\/\/www.proyectoallen.com.ar\/3\/wp-content\/uploads\/2020\/06\/estrella-polar-1990.jpg\" alt=\"\" width=\"598\" height=\"604\" srcset=\"https:\/\/www.proyectoallen.com.ar\/3\/wp-content\/uploads\/2020\/06\/estrella-polar-1990.jpg 598w, https:\/\/www.proyectoallen.com.ar\/3\/wp-content\/uploads\/2020\/06\/estrella-polar-1990-297x300.jpg 297w, https:\/\/www.proyectoallen.com.ar\/3\/wp-content\/uploads\/2020\/06\/estrella-polar-1990-250x253.jpg 250w\" sizes=\"auto, (max-width: 598px) 100vw, 598px\" \/><\/a><\/p>\n<p><a href=\"http:\/\/www.proyectoallen.com.ar\/3\/wp-content\/uploads\/2020\/06\/IMG-20200608-WA0018.jpg\"><img loading=\"lazy\" decoding=\"async\" class=\"aligncenter size-large wp-image-9512\" src=\"http:\/\/www.proyectoallen.com.ar\/3\/wp-content\/uploads\/2020\/06\/IMG-20200608-WA0018-1024x580.jpg\" alt=\"\" width=\"1024\" height=\"580\" srcset=\"https:\/\/www.proyectoallen.com.ar\/3\/wp-content\/uploads\/2020\/06\/IMG-20200608-WA0018-1024x580.jpg 1024w, https:\/\/www.proyectoallen.com.ar\/3\/wp-content\/uploads\/2020\/06\/IMG-20200608-WA0018-300x170.jpg 300w, https:\/\/www.proyectoallen.com.ar\/3\/wp-content\/uploads\/2020\/06\/IMG-20200608-WA0018-768x435.jpg 768w, https:\/\/www.proyectoallen.com.ar\/3\/wp-content\/uploads\/2020\/06\/IMG-20200608-WA0018-250x142.jpg 250w, https:\/\/www.proyectoallen.com.ar\/3\/wp-content\/uploads\/2020\/06\/IMG-20200608-WA0018.jpg 1241w\" sizes=\"auto, (max-width: 1024px) 100vw, 1024px\" \/><\/a><\/p>\n<p><a href=\"http:\/\/www.proyectoallen.com.ar\/3\/wp-content\/uploads\/2020\/06\/IMG-20200608-WA0019.jpg\"><img loading=\"lazy\" decoding=\"async\" class=\"aligncenter size-full wp-image-9513\" src=\"http:\/\/www.proyectoallen.com.ar\/3\/wp-content\/uploads\/2020\/06\/IMG-20200608-WA0019.jpg\" alt=\"\" width=\"720\" height=\"446\" srcset=\"https:\/\/www.proyectoallen.com.ar\/3\/wp-content\/uploads\/2020\/06\/IMG-20200608-WA0019.jpg 720w, https:\/\/www.proyectoallen.com.ar\/3\/wp-content\/uploads\/2020\/06\/IMG-20200608-WA0019-300x186.jpg 300w, https:\/\/www.proyectoallen.com.ar\/3\/wp-content\/uploads\/2020\/06\/IMG-20200608-WA0019-250x155.jpg 250w\" sizes=\"auto, (max-width: 720px) 100vw, 720px\" \/><\/a><\/p>\n<p>&nbsp;<\/p>\n<p style=\"text-align: justify;\"><em>\u00abParticip\u00e9 en grupos parroquiales, en el Club de Leones, en el Club Leo. Ah\u00ed fue presidente 2 a\u00f1os. Mi hijo Santi va a Rugby en Marabunta y tienen los diplomas de todos los clubes que han sido campeones desde los a\u00f1os 60 y all\u00ed esta Allen, con el Allen Rugby Club, pioneros del rugby regional, me animar\u00eda a decir patag\u00f3nico&#8230; Creo que hoy est\u00e1 volviendo a interesarse la gente por las instituciones\u00bb. Gustavo Gurtubay\u00a0<\/em><\/p>\n<blockquote class=\"wp-embedded-content\" data-secret=\"0dL8RnXKw9\"><p><a href=\"https:\/\/www.proyectoallen.com.ar\/3\/?p=5439\">Gustavo Gurtubay: \u00abZakoga era el boliche donde te encontrabas con todo Allen\u00bb<\/a><\/p><\/blockquote>\n<p><iframe loading=\"lazy\" class=\"wp-embedded-content\" sandbox=\"allow-scripts\" security=\"restricted\" style=\"position: absolute; visibility: hidden;\" title=\"\u00abGustavo Gurtubay: \u00abZakoga era el boliche donde te encontrabas con todo Allen\u00bb\u00bb \u2014 Proyecto Allen 3.0\" src=\"https:\/\/www.proyectoallen.com.ar\/3\/?p=5439&#038;embed=true#?secret=bSdnS2YkEm#?secret=0dL8RnXKw9\" data-secret=\"0dL8RnXKw9\" width=\"500\" height=\"282\" frameborder=\"0\" marginwidth=\"0\" marginheight=\"0\" scrolling=\"no\"><\/iframe><\/p>\n<p style=\"text-align: justify;\"><em>\u00abEn aquel momento se jugaba mucho al rugby: \u201ctodos mis amigos jugaban en la quinta de los Nibelungos. Se jugaba en lo que es ahora el barrio Sta. Catalina, despu\u00e9s se trasladaron adonde est\u00e1 ahora la escuela 298 en el barrio Tiro. Y anteriormente jugaron en un bald\u00edo entre la iglesia y el que le dicen el barrio bancario. Ah\u00ed estuvo la cancha de f\u00fatbol del club \u2018Eva Per\u00f3n\u2019. Ah\u00ed funcionaba el club de rugby\u201d. Dante Boela\u00a0<\/em><\/p>\n<blockquote class=\"wp-embedded-content\" data-secret=\"RequwZIclk\"><p><a href=\"https:\/\/www.proyectoallen.com.ar\/3\/?p=369\">Cumil<\/a><\/p><\/blockquote>\n<p><iframe loading=\"lazy\" class=\"wp-embedded-content\" sandbox=\"allow-scripts\" security=\"restricted\" style=\"position: absolute; visibility: hidden;\" title=\"\u00abCumil\u00bb \u2014 Proyecto Allen 3.0\" src=\"https:\/\/www.proyectoallen.com.ar\/3\/?p=369&#038;embed=true#?secret=3pcmRoyvHQ#?secret=RequwZIclk\" data-secret=\"RequwZIclk\" width=\"500\" height=\"282\" frameborder=\"0\" marginwidth=\"0\" marginheight=\"0\" scrolling=\"no\"><\/iframe><\/p>\n<p style=\"text-align: justify;\"><em>\u00abEste club se caracteriz\u00f3 no solo por su papel deportivo sino tambi\u00e9n por el desarrollo de actividades sociales como los populares picnics durante el verano bajo la sombra del bosque de sauces que rodeaba a la cancha. La cancha a\u00fan existe, durante a\u00f1os estuvo olvidada, abandonada pero utilizada en algunas oportunidades por escuelas para practicar atletismo, para encuentros de doma de caballos y m\u00e1s tarde, para entrenamientos de equipos de rugby y hockey\u00bb.\u00a0<\/em><\/p>\n<blockquote class=\"wp-embedded-content\" data-secret=\"fZIFbyqeY4\"><p><a href=\"https:\/\/www.proyectoallen.com.ar\/3\/?p=3486\">Estrella Polar<\/a><\/p><\/blockquote>\n<p><iframe loading=\"lazy\" class=\"wp-embedded-content\" sandbox=\"allow-scripts\" security=\"restricted\" style=\"position: absolute; visibility: hidden;\" title=\"\u00abEstrella Polar\u00bb \u2014 Proyecto Allen 3.0\" src=\"https:\/\/www.proyectoallen.com.ar\/3\/?p=3486&#038;embed=true#?secret=oDNqVZyELX#?secret=fZIFbyqeY4\" data-secret=\"fZIFbyqeY4\" width=\"500\" height=\"282\" frameborder=\"0\" marginwidth=\"0\" marginheight=\"0\" scrolling=\"no\"><\/iframe><\/p>\n<p>&nbsp;<\/p>\n<p>&nbsp;<\/p>\n","protected":false},"excerpt":{"rendered":"<p>Nuestra historia comienza en el siglo pasado, en el a\u00f1o 1957.\u00a0 Por Alejandro Mart\u00edn<\/p>\n","protected":false},"author":2,"featured_media":9503,"comment_status":"open","ping_status":"closed","sticky":false,"template":"","format":"standard","meta":{"ngg_post_thumbnail":0,"footnotes":""},"categories":[4,22],"tags":[],"class_list":["post-9493","post","type-post","status-publish","format-standard","has-post-thumbnail","hentry","category-deporte","category-novedades"],"jetpack_featured_media_url":"https:\/\/www.proyectoallen.com.ar\/3\/wp-content\/uploads\/2020\/06\/11209673_10204129649736729_5967488929286189263_n.jpg","_links":{"self":[{"href":"https:\/\/www.proyectoallen.com.ar\/3\/index.php?rest_route=\/wp\/v2\/posts\/9493","targetHints":{"allow":["GET"]}}],"collection":[{"href":"https:\/\/www.proyectoallen.com.ar\/3\/index.php?rest_route=\/wp\/v2\/posts"}],"about":[{"href":"https:\/\/www.proyectoallen.com.ar\/3\/index.php?rest_route=\/wp\/v2\/types\/post"}],"author":[{"embeddable":true,"href":"https:\/\/www.proyectoallen.com.ar\/3\/index.php?rest_route=\/wp\/v2\/users\/2"}],"replies":[{"embeddable":true,"href":"https:\/\/www.proyectoallen.com.ar\/3\/index.php?rest_route=%2Fwp%2Fv2%2Fcomments&post=9493"}],"version-history":[{"count":4,"href":"https:\/\/www.proyectoallen.com.ar\/3\/index.php?rest_route=\/wp\/v2\/posts\/9493\/revisions"}],"predecessor-version":[{"id":9519,"href":"https:\/\/www.proyectoallen.com.ar\/3\/index.php?rest_route=\/wp\/v2\/posts\/9493\/revisions\/9519"}],"wp:featuredmedia":[{"embeddable":true,"href":"https:\/\/www.proyectoallen.com.ar\/3\/index.php?rest_route=\/wp\/v2\/media\/9503"}],"wp:attachment":[{"href":"https:\/\/www.proyectoallen.com.ar\/3\/index.php?rest_route=%2Fwp%2Fv2%2Fmedia&parent=9493"}],"wp:term":[{"taxonomy":"category","embeddable":true,"href":"https:\/\/www.proyectoallen.com.ar\/3\/index.php?rest_route=%2Fwp%2Fv2%2Fcategories&post=9493"},{"taxonomy":"post_tag","embeddable":true,"href":"https:\/\/www.proyectoallen.com.ar\/3\/index.php?rest_route=%2Fwp%2Fv2%2Ftags&post=9493"}],"curies":[{"name":"wp","href":"https:\/\/api.w.org\/{rel}","templated":true}]}}