{"id":9786,"date":"2020-09-13T20:29:58","date_gmt":"2020-09-13T20:29:58","guid":{"rendered":"http:\/\/www.proyectoallen.com.ar\/3\/?p=9786"},"modified":"2020-09-13T20:29:58","modified_gmt":"2020-09-13T20:29:58","slug":"calles-g-roca-acceso-bilo-italia","status":"publish","type":"post","link":"https:\/\/www.proyectoallen.com.ar\/3\/?p=9786","title":{"rendered":"Calles G. Roca, Acceso Bil\u00f3, Italia&#8230;"},"content":{"rendered":"<div dir=\"auto\">Que hab\u00eda en esas calles?<\/div>\n<!--more-->\n<div dir=\"auto\"><a href=\"http:\/\/www.proyectoallen.com.ar\/3\/wp-content\/uploads\/2020\/09\/2.jpg\"><img loading=\"lazy\" decoding=\"async\" class=\"aligncenter size-large wp-image-9787\" src=\"http:\/\/www.proyectoallen.com.ar\/3\/wp-content\/uploads\/2020\/09\/2-1024x630.jpg\" alt=\"\" width=\"1024\" height=\"630\" srcset=\"https:\/\/www.proyectoallen.com.ar\/3\/wp-content\/uploads\/2020\/09\/2-1024x630.jpg 1024w, https:\/\/www.proyectoallen.com.ar\/3\/wp-content\/uploads\/2020\/09\/2-300x185.jpg 300w, https:\/\/www.proyectoallen.com.ar\/3\/wp-content\/uploads\/2020\/09\/2-768x473.jpg 768w, https:\/\/www.proyectoallen.com.ar\/3\/wp-content\/uploads\/2020\/09\/2-250x154.jpg 250w\" sizes=\"auto, (max-width: 1024px) 100vw, 1024px\" \/><\/a><\/div>\n<div dir=\"auto\">La f\u00e1brica Bagliani ocupaba un amplio terreno, d\u00f3nde hoy hay un barrio y solo queda en pie la chimenea <span class=\"pq6dq46d tbxw36s4 knj5qynh kvgmc6g5 ditlmg2l oygrvhab nvdbi5me sf5mxxl7 gl3lb2sf hhz5lgdu\"><img loading=\"lazy\" decoding=\"async\" src=\"https:\/\/static.xx.fbcdn.net\/images\/emoji.php\/v9\/t83\/1.5\/16\/1f3ed.png\" alt=\"\ud83c\udfed\" width=\"16\" height=\"16\" \/><\/span>.<\/div>\n<div dir=\"auto\"><\/div>\n<div dir=\"auto\"><a href=\"http:\/\/www.proyectoallen.com.ar\/3\/?p=3058\">MIRA AC\u00c1: LA FABRICA BAGLIANI<\/a><\/div>\n<div dir=\"auto\"><\/div>\n<div dir=\"auto\">Cuentan que, en tierras frut\u00edcolas <span class=\"pq6dq46d tbxw36s4 knj5qynh kvgmc6g5 ditlmg2l oygrvhab nvdbi5me sf5mxxl7 gl3lb2sf hhz5lgdu\"><img loading=\"lazy\" decoding=\"async\" src=\"https:\/\/static.xx.fbcdn.net\/images\/emoji.php\/v9\/t7f\/1.5\/16\/1f350.png\" alt=\"\ud83c\udf50\" width=\"16\" height=\"16\" \/><\/span><span class=\"pq6dq46d tbxw36s4 knj5qynh kvgmc6g5 ditlmg2l oygrvhab nvdbi5me sf5mxxl7 gl3lb2sf hhz5lgdu\"><img loading=\"lazy\" decoding=\"async\" src=\"https:\/\/static.xx.fbcdn.net\/images\/emoji.php\/v9\/t95\/1.5\/16\/1f34e.png\" alt=\"\ud83c\udf4e\" width=\"16\" height=\"16\" \/><\/span>, en un terreno lindante con la f\u00e1brica, el sr. Porri\u00f1o planto arroz para ver \u00absi se daba\u00bb.<\/div>\n<div dir=\"auto\"><a href=\"http:\/\/www.proyectoallen.com.ar\/3\/wp-content\/uploads\/2020\/09\/1.jpg\"><img loading=\"lazy\" decoding=\"async\" class=\"aligncenter size-large wp-image-9788\" src=\"http:\/\/www.proyectoallen.com.ar\/3\/wp-content\/uploads\/2020\/09\/1-1024x521.jpg\" alt=\"\" width=\"1024\" height=\"521\" srcset=\"https:\/\/www.proyectoallen.com.ar\/3\/wp-content\/uploads\/2020\/09\/1-1024x521.jpg 1024w, https:\/\/www.proyectoallen.com.ar\/3\/wp-content\/uploads\/2020\/09\/1-300x153.jpg 300w, https:\/\/www.proyectoallen.com.ar\/3\/wp-content\/uploads\/2020\/09\/1-768x390.jpg 768w, https:\/\/www.proyectoallen.com.ar\/3\/wp-content\/uploads\/2020\/09\/1-250x127.jpg 250w\" sizes=\"auto, (max-width: 1024px) 100vw, 1024px\" \/><\/a><\/div>\n<div dir=\"auto\">A la f\u00e1brica se ingresaba por la calle Roca, donde estaba la oficina (en la foto ya estaba abandonada), la b\u00e1scula y el reloj <span class=\"pq6dq46d tbxw36s4 knj5qynh kvgmc6g5 ditlmg2l oygrvhab nvdbi5me sf5mxxl7 gl3lb2sf hhz5lgdu\"><img loading=\"lazy\" decoding=\"async\" src=\"https:\/\/static.xx.fbcdn.net\/images\/emoji.php\/v9\/t88\/1.5\/16\/1f557.png\" alt=\"\ud83d\udd57\" width=\"16\" height=\"16\" \/><\/span> para el personal.<\/div>\n<div dir=\"auto\"><a href=\"http:\/\/www.proyectoallen.com.ar\/3\/wp-content\/uploads\/2020\/09\/8-Mediano.jpg\"><img loading=\"lazy\" decoding=\"async\" class=\"aligncenter size-large wp-image-9789\" src=\"http:\/\/www.proyectoallen.com.ar\/3\/wp-content\/uploads\/2020\/09\/8-Mediano-1024x683.jpg\" alt=\"\" width=\"1024\" height=\"683\" srcset=\"https:\/\/www.proyectoallen.com.ar\/3\/wp-content\/uploads\/2020\/09\/8-Mediano-1024x683.jpg 1024w, https:\/\/www.proyectoallen.com.ar\/3\/wp-content\/uploads\/2020\/09\/8-Mediano-300x200.jpg 300w, https:\/\/www.proyectoallen.com.ar\/3\/wp-content\/uploads\/2020\/09\/8-Mediano-768x512.jpg 768w, https:\/\/www.proyectoallen.com.ar\/3\/wp-content\/uploads\/2020\/09\/8-Mediano-250x167.jpg 250w, https:\/\/www.proyectoallen.com.ar\/3\/wp-content\/uploads\/2020\/09\/8-Mediano.jpg 1152w\" sizes=\"auto, (max-width: 1024px) 100vw, 1024px\" \/><\/a><\/div>\n<div dir=\"auto\"><\/div>\n<div dir=\"auto\">Hac\u00eda la derecha la cocina y los tanques d\u00f3nde se cocinaba el tomate <span class=\"pq6dq46d tbxw36s4 knj5qynh kvgmc6g5 ditlmg2l oygrvhab nvdbi5me sf5mxxl7 gl3lb2sf hhz5lgdu\"><img loading=\"lazy\" decoding=\"async\" src=\"https:\/\/static.xx.fbcdn.net\/images\/emoji.php\/v9\/t65\/1.5\/16\/1f345.png\" alt=\"\ud83c\udf45\" width=\"16\" height=\"16\" \/><\/span> y los dulces <span class=\"pq6dq46d tbxw36s4 knj5qynh kvgmc6g5 ditlmg2l oygrvhab nvdbi5me sf5mxxl7 gl3lb2sf hhz5lgdu\"><img loading=\"lazy\" decoding=\"async\" src=\"https:\/\/static.xx.fbcdn.net\/images\/emoji.php\/v9\/t54\/1.5\/16\/1f36f.png\" alt=\"\ud83c\udf6f\" width=\"16\" height=\"16\" \/><\/span>, tambi\u00e9n calentaban el agua para pelar los tomates. Las empleadas los seleccionaban y segu\u00edan en una cinta que los tiraba al agua caliente <span class=\"pq6dq46d tbxw36s4 knj5qynh kvgmc6g5 ditlmg2l oygrvhab nvdbi5me sf5mxxl7 gl3lb2sf hhz5lgdu\"><img loading=\"lazy\" decoding=\"async\" src=\"https:\/\/static.xx.fbcdn.net\/images\/emoji.php\/v9\/tb6\/1.5\/16\/2668.png\" alt=\"\u2668\ufe0f\" width=\"16\" height=\"16\" \/><\/span>, luego las ellas los pelaban (fotos).<\/div>\n<div dir=\"auto\"><a href=\"http:\/\/www.proyectoallen.com.ar\/3\/wp-content\/uploads\/2020\/09\/4.jpg\"><img loading=\"lazy\" decoding=\"async\" class=\"aligncenter size-large wp-image-9790\" src=\"http:\/\/www.proyectoallen.com.ar\/3\/wp-content\/uploads\/2020\/09\/4-1024x669.jpg\" alt=\"\" width=\"1024\" height=\"669\" srcset=\"https:\/\/www.proyectoallen.com.ar\/3\/wp-content\/uploads\/2020\/09\/4-1024x669.jpg 1024w, https:\/\/www.proyectoallen.com.ar\/3\/wp-content\/uploads\/2020\/09\/4-300x196.jpg 300w, https:\/\/www.proyectoallen.com.ar\/3\/wp-content\/uploads\/2020\/09\/4-768x502.jpg 768w, https:\/\/www.proyectoallen.com.ar\/3\/wp-content\/uploads\/2020\/09\/4-250x163.jpg 250w\" sizes=\"auto, (max-width: 1024px) 100vw, 1024px\" \/><\/a><\/div>\n<div dir=\"auto\"><a href=\"http:\/\/www.proyectoallen.com.ar\/3\/wp-content\/uploads\/2020\/09\/6.jpg\"><img loading=\"lazy\" decoding=\"async\" class=\"aligncenter size-full wp-image-9796\" src=\"http:\/\/www.proyectoallen.com.ar\/3\/wp-content\/uploads\/2020\/09\/6.jpg\" alt=\"\" width=\"878\" height=\"1005\" srcset=\"https:\/\/www.proyectoallen.com.ar\/3\/wp-content\/uploads\/2020\/09\/6.jpg 878w, https:\/\/www.proyectoallen.com.ar\/3\/wp-content\/uploads\/2020\/09\/6-262x300.jpg 262w, https:\/\/www.proyectoallen.com.ar\/3\/wp-content\/uploads\/2020\/09\/6-768x879.jpg 768w, https:\/\/www.proyectoallen.com.ar\/3\/wp-content\/uploads\/2020\/09\/6-350x400.jpg 350w, https:\/\/www.proyectoallen.com.ar\/3\/wp-content\/uploads\/2020\/09\/6-250x286.jpg 250w\" sizes=\"auto, (max-width: 878px) 100vw, 878px\" \/><\/a><\/div>\n<div dir=\"auto\"><a href=\"http:\/\/www.proyectoallen.com.ar\/3\/wp-content\/uploads\/2020\/09\/5.jpg\"><img loading=\"lazy\" decoding=\"async\" class=\"aligncenter size-large wp-image-9791\" src=\"http:\/\/www.proyectoallen.com.ar\/3\/wp-content\/uploads\/2020\/09\/5-1024x646.jpg\" alt=\"\" width=\"1024\" height=\"646\" srcset=\"https:\/\/www.proyectoallen.com.ar\/3\/wp-content\/uploads\/2020\/09\/5-1024x646.jpg 1024w, https:\/\/www.proyectoallen.com.ar\/3\/wp-content\/uploads\/2020\/09\/5-300x189.jpg 300w, https:\/\/www.proyectoallen.com.ar\/3\/wp-content\/uploads\/2020\/09\/5-768x484.jpg 768w, https:\/\/www.proyectoallen.com.ar\/3\/wp-content\/uploads\/2020\/09\/5-250x158.jpg 250w\" sizes=\"auto, (max-width: 1024px) 100vw, 1024px\" \/><\/a><\/div>\n<div dir=\"auto\">Al costado hab\u00eda una gran playa (foto) donde estaban las bordalesas con pasta de tomate listas para llevar al tren <span class=\"pq6dq46d tbxw36s4 knj5qynh kvgmc6g5 ditlmg2l oygrvhab nvdbi5me sf5mxxl7 gl3lb2sf hhz5lgdu\"><img loading=\"lazy\" decoding=\"async\" src=\"https:\/\/static.xx.fbcdn.net\/images\/emoji.php\/v9\/t21\/1.5\/16\/1f682.png\" alt=\"\ud83d\ude82\" width=\"16\" height=\"16\" \/><\/span>. Hab\u00eda galpones d\u00f3nde se guardaba lo producido y los envases vac\u00edos.<\/div>\n<div dir=\"auto\"><a href=\"http:\/\/www.proyectoallen.com.ar\/3\/wp-content\/uploads\/2020\/09\/3.jpg\"><img loading=\"lazy\" decoding=\"async\" class=\"aligncenter size-large wp-image-9792\" src=\"http:\/\/www.proyectoallen.com.ar\/3\/wp-content\/uploads\/2020\/09\/3-1024x535.jpg\" alt=\"\" width=\"1024\" height=\"535\" srcset=\"https:\/\/www.proyectoallen.com.ar\/3\/wp-content\/uploads\/2020\/09\/3-1024x535.jpg 1024w, https:\/\/www.proyectoallen.com.ar\/3\/wp-content\/uploads\/2020\/09\/3-300x157.jpg 300w, https:\/\/www.proyectoallen.com.ar\/3\/wp-content\/uploads\/2020\/09\/3-768x401.jpg 768w, https:\/\/www.proyectoallen.com.ar\/3\/wp-content\/uploads\/2020\/09\/3-250x131.jpg 250w, https:\/\/www.proyectoallen.com.ar\/3\/wp-content\/uploads\/2020\/09\/3.jpg 1172w\" sizes=\"auto, (max-width: 1024px) 100vw, 1024px\" \/><\/a><\/div>\n<div dir=\"auto\">Al fondo estaba el aserradero y a la izquierda los terrenos con alfalfa d\u00f3nde el personal jugaba al f\u00fatbol <span class=\"pq6dq46d tbxw36s4 knj5qynh kvgmc6g5 ditlmg2l oygrvhab nvdbi5me sf5mxxl7 gl3lb2sf hhz5lgdu\"><img loading=\"lazy\" decoding=\"async\" src=\"https:\/\/static.xx.fbcdn.net\/images\/emoji.php\/v9\/t36\/1.5\/16\/26bd.png\" alt=\"\u26bd\" width=\"16\" height=\"16\" \/><\/span> Tambi\u00e9n hab\u00eda viviendas para el personal jer\u00e1rquico.<\/div>\n<div dir=\"auto\">Las \u00faltimas fotos son de 2010, la f\u00e1brica ya estaba a punto de ser derrumbada (cerr\u00f3 en los a\u00f1os 80).<\/div>\n<div dir=\"auto\"><a href=\"http:\/\/www.proyectoallen.com.ar\/3\/wp-content\/uploads\/2020\/09\/10-Mediano.jpg\"><img loading=\"lazy\" decoding=\"async\" class=\"aligncenter size-large wp-image-9795\" src=\"http:\/\/www.proyectoallen.com.ar\/3\/wp-content\/uploads\/2020\/09\/10-Mediano-683x1024.jpg\" alt=\"\" width=\"683\" height=\"1024\" srcset=\"https:\/\/www.proyectoallen.com.ar\/3\/wp-content\/uploads\/2020\/09\/10-Mediano-683x1024.jpg 683w, https:\/\/www.proyectoallen.com.ar\/3\/wp-content\/uploads\/2020\/09\/10-Mediano-200x300.jpg 200w, https:\/\/www.proyectoallen.com.ar\/3\/wp-content\/uploads\/2020\/09\/10-Mediano.jpg 768w, https:\/\/www.proyectoallen.com.ar\/3\/wp-content\/uploads\/2020\/09\/10-Mediano-250x375.jpg 250w\" sizes=\"auto, (max-width: 683px) 100vw, 683px\" \/><\/a><\/div>\n<div dir=\"auto\"><\/div>\n<div dir=\"auto\"><a href=\"http:\/\/www.proyectoallen.com.ar\/3\/wp-content\/uploads\/2020\/09\/9-Mediano.jpg\"><img loading=\"lazy\" decoding=\"async\" class=\"aligncenter size-large wp-image-9794\" src=\"http:\/\/www.proyectoallen.com.ar\/3\/wp-content\/uploads\/2020\/09\/9-Mediano-1024x683.jpg\" alt=\"\" width=\"1024\" height=\"683\" srcset=\"https:\/\/www.proyectoallen.com.ar\/3\/wp-content\/uploads\/2020\/09\/9-Mediano-1024x683.jpg 1024w, https:\/\/www.proyectoallen.com.ar\/3\/wp-content\/uploads\/2020\/09\/9-Mediano-300x200.jpg 300w, https:\/\/www.proyectoallen.com.ar\/3\/wp-content\/uploads\/2020\/09\/9-Mediano-768x512.jpg 768w, https:\/\/www.proyectoallen.com.ar\/3\/wp-content\/uploads\/2020\/09\/9-Mediano-250x167.jpg 250w, https:\/\/www.proyectoallen.com.ar\/3\/wp-content\/uploads\/2020\/09\/9-Mediano.jpg 1152w\" sizes=\"auto, (max-width: 1024px) 100vw, 1024px\" \/><\/a><\/div>\n<div dir=\"auto\"><a href=\"http:\/\/www.proyectoallen.com.ar\/3\/wp-content\/uploads\/2020\/09\/7-Mediano.jpg\"><img loading=\"lazy\" decoding=\"async\" class=\"aligncenter size-large wp-image-9793\" src=\"http:\/\/www.proyectoallen.com.ar\/3\/wp-content\/uploads\/2020\/09\/7-Mediano-1024x683.jpg\" alt=\"\" width=\"1024\" height=\"683\" srcset=\"https:\/\/www.proyectoallen.com.ar\/3\/wp-content\/uploads\/2020\/09\/7-Mediano-1024x683.jpg 1024w, https:\/\/www.proyectoallen.com.ar\/3\/wp-content\/uploads\/2020\/09\/7-Mediano-300x200.jpg 300w, https:\/\/www.proyectoallen.com.ar\/3\/wp-content\/uploads\/2020\/09\/7-Mediano-768x512.jpg 768w, https:\/\/www.proyectoallen.com.ar\/3\/wp-content\/uploads\/2020\/09\/7-Mediano-250x167.jpg 250w, https:\/\/www.proyectoallen.com.ar\/3\/wp-content\/uploads\/2020\/09\/7-Mediano.jpg 1152w\" sizes=\"auto, (max-width: 1024px) 100vw, 1024px\" \/><\/a><\/div>\n","protected":false},"excerpt":{"rendered":"<p>Que hab\u00eda en esas calles?<\/p>\n","protected":false},"author":2,"featured_media":9788,"comment_status":"open","ping_status":"closed","sticky":false,"template":"","format":"standard","meta":{"ngg_post_thumbnail":0,"footnotes":""},"categories":[23,22],"tags":[],"class_list":["post-9786","post","type-post","status-publish","format-standard","has-post-thumbnail","hentry","category-mapa-comentado","category-novedades"],"jetpack_featured_media_url":"https:\/\/www.proyectoallen.com.ar\/3\/wp-content\/uploads\/2020\/09\/1.jpg","_links":{"self":[{"href":"https:\/\/www.proyectoallen.com.ar\/3\/index.php?rest_route=\/wp\/v2\/posts\/9786","targetHints":{"allow":["GET"]}}],"collection":[{"href":"https:\/\/www.proyectoallen.com.ar\/3\/index.php?rest_route=\/wp\/v2\/posts"}],"about":[{"href":"https:\/\/www.proyectoallen.com.ar\/3\/index.php?rest_route=\/wp\/v2\/types\/post"}],"author":[{"embeddable":true,"href":"https:\/\/www.proyectoallen.com.ar\/3\/index.php?rest_route=\/wp\/v2\/users\/2"}],"replies":[{"embeddable":true,"href":"https:\/\/www.proyectoallen.com.ar\/3\/index.php?rest_route=%2Fwp%2Fv2%2Fcomments&post=9786"}],"version-history":[{"count":1,"href":"https:\/\/www.proyectoallen.com.ar\/3\/index.php?rest_route=\/wp\/v2\/posts\/9786\/revisions"}],"predecessor-version":[{"id":9797,"href":"https:\/\/www.proyectoallen.com.ar\/3\/index.php?rest_route=\/wp\/v2\/posts\/9786\/revisions\/9797"}],"wp:featuredmedia":[{"embeddable":true,"href":"https:\/\/www.proyectoallen.com.ar\/3\/index.php?rest_route=\/wp\/v2\/media\/9788"}],"wp:attachment":[{"href":"https:\/\/www.proyectoallen.com.ar\/3\/index.php?rest_route=%2Fwp%2Fv2%2Fmedia&parent=9786"}],"wp:term":[{"taxonomy":"category","embeddable":true,"href":"https:\/\/www.proyectoallen.com.ar\/3\/index.php?rest_route=%2Fwp%2Fv2%2Fcategories&post=9786"},{"taxonomy":"post_tag","embeddable":true,"href":"https:\/\/www.proyectoallen.com.ar\/3\/index.php?rest_route=%2Fwp%2Fv2%2Ftags&post=9786"}],"curies":[{"name":"wp","href":"https:\/\/api.w.org\/{rel}","templated":true}]}}